{"id":1243,"date":"2015-01-05T10:20:44","date_gmt":"2015-01-05T09:20:44","guid":{"rendered":"http:\/\/www.bierversuche.ch\/blog\/?p=1243"},"modified":"2021-01-31T14:13:31","modified_gmt":"2021-01-31T13:13:31","slug":"brautag-mit-523","status":"publish","type":"post","link":"https:\/\/www.bierversuche.ch\/blog\/2015\/01\/brautag-mit-523\/","title":{"rendered":"Brautag: In A Caraway Saijon &#8211; Collabo mit 523"},"content":{"rendered":"\n<p class=\"has-medium-font-size\">Eigentlich ist ja De Molen an allem schuld. W\u00e4hrend einem unverf\u00e4nglichen Gespr\u00e4ch, am Rande der CBC 2014, \u00fcber Zutaten, die es unbedingt mal in eine Bierkreation schaffen sollten, erw\u00e4hnten die beiden Brauer: \u201cSenf\u201d. Zumindest mich liess die Bieridee kaum mehr los. Ein paar Monate sp\u00e4ter, und anschliessend ans Collabo-Angebot von 523 nach unserem&nbsp;<a href=\"http:\/\/www.bierversuche.ch\/blog\/2014\/07\/person-interview-mit-523\/\">Interview<\/a>, als es darum ging sich zu Dritt an eine gemeinsame Brauidee heranzutasten, durchfuhr mich der De Molen-Blitz aus der Vergangenheit wieder. Ein Senf-Saison!<\/p>\n\n\n\n<p>\u00dcber seitenlange Emaildiskussionen und Abschweifungen in fast alle erdenklichen K\u00fcchen dieser sch\u00f6nen Welt kamen dann noch Imperialismus, K\u00fcmmel- und Koriandersamen dazu. Das Verr\u00fcckteste daran: \u00c4ndu mag den K\u00fcmmel eigentlich so gar nicht und musste sich \u00fcber K\u00fcmmelgipfeli und \u00e4hnliches Einsteigerzeugs erst herantasten. Da wir alle drei noch nie mit dieser Gew\u00fcrzkombo gebraut hatten und von Anfang an klar war, dass die Gew\u00fcrze nicht einzeln herausstechen sollten, war es somit eine gewisse Herausforderung sich an die richtigen Mengen heranzutasten.&nbsp;<\/p>\n\n\n\n<figure class=\"wp-block-gallery columns-2 is-cropped wp-block-gallery-1 is-layout-flex wp-block-gallery-is-layout-flex\"><ul class=\"blocks-gallery-grid\"><li class=\"blocks-gallery-item\"><figure><img data-recalc-dims=\"1\" loading=\"lazy\" decoding=\"async\" width=\"1000\" height=\"669\" src=\"https:\/\/i0.wp.com\/www.bierversuche.ch\/blog\/wp-content\/uploads\/2015\/01\/IMGP7109_opt.jpg?resize=1000%2C669\" alt=\"\" data-id=\"1246\" data-full-url=\"http:\/\/www.bierversuche.ch\/blog\/wp-content\/uploads\/2015\/01\/IMGP7109_opt.jpg\" data-link=\"http:\/\/www.bierversuche.ch\/blog\/2015\/01\/brautag-mit-523\/imgp7109_opt\/\" class=\"wp-image-1246\" srcset=\"https:\/\/i0.wp.com\/www.bierversuche.ch\/blog\/wp-content\/uploads\/2015\/01\/IMGP7109_opt.jpg?w=1000&amp;ssl=1 1000w, https:\/\/i0.wp.com\/www.bierversuche.ch\/blog\/wp-content\/uploads\/2015\/01\/IMGP7109_opt.jpg?resize=300%2C200&amp;ssl=1 300w, https:\/\/i0.wp.com\/www.bierversuche.ch\/blog\/wp-content\/uploads\/2015\/01\/IMGP7109_opt.jpg?resize=360%2C240&amp;ssl=1 360w\" sizes=\"(max-width: 1000px) 100vw, 1000px\" \/><\/figure><\/li><li class=\"blocks-gallery-item\"><figure><img data-recalc-dims=\"1\" loading=\"lazy\" decoding=\"async\" width=\"1000\" height=\"669\" src=\"https:\/\/i0.wp.com\/www.bierversuche.ch\/blog\/wp-content\/uploads\/2015\/01\/IMGP7143_opt.jpg?resize=1000%2C669\" alt=\"\" data-id=\"1250\" data-full-url=\"http:\/\/www.bierversuche.ch\/blog\/wp-content\/uploads\/2015\/01\/IMGP7143_opt.jpg\" data-link=\"http:\/\/www.bierversuche.ch\/blog\/2015\/01\/brautag-mit-523\/imgp7143_opt\/\" class=\"wp-image-1250\" srcset=\"https:\/\/i0.wp.com\/www.bierversuche.ch\/blog\/wp-content\/uploads\/2015\/01\/IMGP7143_opt.jpg?w=1000&amp;ssl=1 1000w, https:\/\/i0.wp.com\/www.bierversuche.ch\/blog\/wp-content\/uploads\/2015\/01\/IMGP7143_opt.jpg?resize=300%2C200&amp;ssl=1 300w, https:\/\/i0.wp.com\/www.bierversuche.ch\/blog\/wp-content\/uploads\/2015\/01\/IMGP7143_opt.jpg?resize=360%2C240&amp;ssl=1 360w\" sizes=\"(max-width: 1000px) 100vw, 1000px\" \/><\/figure><\/li><\/ul><\/figure>\n\n\n\n<p>Nach einer Zeit des P\u00f6belns &#8211; ja irgendwann h\u00e4ngen einem die Gew\u00fcrze dann sprichw\u00f6rtlich zum Hals heraus bzw. klemmen zwischen den Z\u00e4hnen &#8211; hatten wir uns auf die nun angewendete Rezeptur geeinigt. Und das Ergebnis entspricht so ziemlich genau der w\u00fcrzigen Aromadichte, die wir uns das ausgemalt hatten. Mit diesen Aromen und dem grossz\u00fcgigen Alkoholgehalt, ist das Bier pr\u00e4destiniert deftiges und intensives Essen zu begleiten. Sauerkraut mit Saucisson (und Senf!), Kartoffeln, Lauch und Schinken (und Senf!) aber auch zu Rauchlachs (ohne Senf) hat das Saijon den Praxistest schon erfolgreich bestanden.<\/p>\n\n\n\n<figure class=\"wp-block-gallery columns-2 is-cropped wp-block-gallery-2 is-layout-flex wp-block-gallery-is-layout-flex\"><ul class=\"blocks-gallery-grid\"><li class=\"blocks-gallery-item\"><figure><img data-recalc-dims=\"1\" loading=\"lazy\" decoding=\"async\" width=\"1000\" height=\"669\" src=\"https:\/\/i0.wp.com\/www.bierversuche.ch\/blog\/wp-content\/uploads\/2015\/01\/IMGP7116_opt.jpg?resize=1000%2C669\" alt=\"\" data-id=\"1248\" data-full-url=\"http:\/\/www.bierversuche.ch\/blog\/wp-content\/uploads\/2015\/01\/IMGP7116_opt.jpg\" data-link=\"http:\/\/www.bierversuche.ch\/blog\/2015\/01\/brautag-mit-523\/imgp7116_opt\/\" class=\"wp-image-1248\" srcset=\"https:\/\/i0.wp.com\/www.bierversuche.ch\/blog\/wp-content\/uploads\/2015\/01\/IMGP7116_opt.jpg?w=1000&amp;ssl=1 1000w, https:\/\/i0.wp.com\/www.bierversuche.ch\/blog\/wp-content\/uploads\/2015\/01\/IMGP7116_opt.jpg?resize=300%2C200&amp;ssl=1 300w, https:\/\/i0.wp.com\/www.bierversuche.ch\/blog\/wp-content\/uploads\/2015\/01\/IMGP7116_opt.jpg?resize=360%2C240&amp;ssl=1 360w\" sizes=\"(max-width: 1000px) 100vw, 1000px\" \/><\/figure><\/li><li class=\"blocks-gallery-item\"><figure><img data-recalc-dims=\"1\" loading=\"lazy\" decoding=\"async\" width=\"1000\" height=\"669\" src=\"https:\/\/i0.wp.com\/www.bierversuche.ch\/blog\/wp-content\/uploads\/2015\/01\/IMGP7112_opt.jpg?resize=1000%2C669\" alt=\"\" data-id=\"1247\" data-full-url=\"http:\/\/www.bierversuche.ch\/blog\/wp-content\/uploads\/2015\/01\/IMGP7112_opt.jpg\" data-link=\"http:\/\/www.bierversuche.ch\/blog\/2015\/01\/brautag-mit-523\/imgp7112_opt\/\" class=\"wp-image-1247\" srcset=\"https:\/\/i0.wp.com\/www.bierversuche.ch\/blog\/wp-content\/uploads\/2015\/01\/IMGP7112_opt.jpg?w=1000&amp;ssl=1 1000w, https:\/\/i0.wp.com\/www.bierversuche.ch\/blog\/wp-content\/uploads\/2015\/01\/IMGP7112_opt.jpg?resize=300%2C200&amp;ssl=1 300w, https:\/\/i0.wp.com\/www.bierversuche.ch\/blog\/wp-content\/uploads\/2015\/01\/IMGP7112_opt.jpg?resize=360%2C240&amp;ssl=1 360w\" sizes=\"(max-width: 1000px) 100vw, 1000px\" \/><\/figure><\/li><\/ul><\/figure>\n\n\n\n<p>Der, nebenan bebilderte, Brautag, in einer vollst\u00e4ndig eingerichteten Brauerei, wo schon viele Biere produziert wurden und alles seinen Platz und gewohnten Gang hat, ist beeindruckend reibungslos abgelaufen. \u00c4ndu hatte, als Gastgeber, das Steuer fest in der Hand w\u00e4hrend Christian und ich uns jeweils in Nebensportarten wie Hefestreicheln, Hopfenmusterfotografie, Marathonumr\u00fchren usw. austoben konnten.<\/p>\n\n\n\n<p>Das entstandene Bier ist online bei&nbsp;<a href=\"http:\/\/523.ch\/produkte\/collabos\">523<\/a>&nbsp;erh\u00e4ltlich. Wir sind sehr gespannt auf euer Feedback!<\/p>\n","protected":false},"excerpt":{"rendered":"<p>Eigentlich ist ja De Molen an allem schuld. W\u00e4hrend einem unverf\u00e4nglichen Gespr\u00e4ch, am Rande der CBC 2014, \u00fcber Zutaten, die es unbedingt mal in eine Bierkreation schaffen sollten, erw\u00e4hnten die beiden Brauer: \u201cSenf\u201d. Zumindest mich liess die Bieridee kaum mehr los. Ein paar Monate sp\u00e4ter, und anschliessend ans Collabo-Angebot von 523 nach unserem Interview, als es darum ging sich zu Dritt an eine gemeinsame Brauidee heranzutasten, durchfuhr mich der De Molen-Blitz aus der Vergangenheit wieder. Ein Senf-Saison!<\/p>\n","protected":false},"author":1,"featured_media":1249,"comment_status":"open","ping_status":"open","sticky":false,"template":"","format":"standard","meta":{"jetpack_post_was_ever_published":false,"_jetpack_newsletter_access":"","_jetpack_dont_email_post_to_subs":false,"_jetpack_newsletter_tier_id":0,"_jetpack_memberships_contains_paywalled_content":false,"_jetpack_memberships_contains_paid_content":false,"footnotes":"","jetpack_publicize_message":"","jetpack_publicize_feature_enabled":true,"jetpack_social_post_already_shared":true,"jetpack_social_options":{"image_generator_settings":{"template":"highway","enabled":false},"version":2}},"categories":[2695],"tags":[465,561,565,398,118,564,562,233,563],"class_list":["post-1243","post","type-post","status-publish","format-standard","has-post-thumbnail","hentry","category-craft-bier-brauen","tag-465","tag-brautag","tag-collabo","tag-collaboration-bier","tag-hopfen","tag-koriander","tag-kuemmel","tag-saison","tag-senf","col-sm-6 col-md-4"],"jetpack_publicize_connections":[],"featured_image_urls_v2":{"full":["https:\/\/i0.wp.com\/www.bierversuche.ch\/blog\/wp-content\/uploads\/2015\/01\/IMGP7134_opt.jpg?fit=1000%2C669&ssl=1",1000,669,false],"thumbnail":["https:\/\/i0.wp.com\/www.bierversuche.ch\/blog\/wp-content\/uploads\/2015\/01\/IMGP7134_opt.jpg?resize=150%2C150&ssl=1",150,150,true],"medium":["https:\/\/i0.wp.com\/www.bierversuche.ch\/blog\/wp-content\/uploads\/2015\/01\/IMGP7134_opt.jpg?fit=300%2C200&ssl=1",300,200,true],"medium_large":["https:\/\/i0.wp.com\/www.bierversuche.ch\/blog\/wp-content\/uploads\/2015\/01\/IMGP7134_opt.jpg?fit=768%2C514&ssl=1",768,514,true],"large":["https:\/\/i0.wp.com\/www.bierversuche.ch\/blog\/wp-content\/uploads\/2015\/01\/IMGP7134_opt.jpg?fit=1000%2C669&ssl=1",1000,669,true],"1536x1536":["https:\/\/i0.wp.com\/www.bierversuche.ch\/blog\/wp-content\/uploads\/2015\/01\/IMGP7134_opt.jpg?fit=1000%2C669&ssl=1",1000,669,true],"2048x2048":["https:\/\/i0.wp.com\/www.bierversuche.ch\/blog\/wp-content\/uploads\/2015\/01\/IMGP7134_opt.jpg?fit=1000%2C669&ssl=1",1000,669,true],"greatmag-extra-small":["https:\/\/i0.wp.com\/www.bierversuche.ch\/blog\/wp-content\/uploads\/2015\/01\/IMGP7134_opt.jpg?resize=100%2C70&ssl=1",100,70,true],"greatmag-small":["https:\/\/i0.wp.com\/www.bierversuche.ch\/blog\/wp-content\/uploads\/2015\/01\/IMGP7134_opt.jpg?resize=270%2C180&ssl=1",270,180,true],"greatmag-medium":["https:\/\/i0.wp.com\/www.bierversuche.ch\/blog\/wp-content\/uploads\/2015\/01\/IMGP7134_opt.jpg?resize=380%2C250&ssl=1",380,250,true],"greatmag-featured-a":["https:\/\/i0.wp.com\/www.bierversuche.ch\/blog\/wp-content\/uploads\/2015\/01\/IMGP7134_opt.jpg?resize=1000%2C669&ssl=1",1000,669,true],"greatmag-featured-b":["https:\/\/i0.wp.com\/www.bierversuche.ch\/blog\/wp-content\/uploads\/2015\/01\/IMGP7134_opt.jpg?resize=790%2C535&ssl=1",790,535,true],"greatmag-featured-c":["https:\/\/i0.wp.com\/www.bierversuche.ch\/blog\/wp-content\/uploads\/2015\/01\/IMGP7134_opt.jpg?resize=600%2C425&ssl=1",600,425,true],"greatmag-single":["https:\/\/i0.wp.com\/www.bierversuche.ch\/blog\/wp-content\/uploads\/2015\/01\/IMGP7134_opt.jpg?fit=710%2C475&ssl=1",710,475,true]},"post_excerpt_stackable_v2":"<p>Eigentlich ist ja De Molen an allem schuld. W\u00e4hrend einem unverf\u00e4nglichen Gespr\u00e4ch, am Rande der CBC 2014, \u00fcber Zutaten, die es unbedingt mal in eine Bierkreation schaffen sollten, erw\u00e4hnten die beiden Brauer: \u201cSenf\u201d. Zumindest mich liess die Bieridee kaum mehr los. Ein paar Monate sp\u00e4ter, und anschliessend ans Collabo-Angebot von 523 nach unserem Interview, als es darum ging sich zu Dritt an eine gemeinsame Brauidee heranzutasten, durchfuhr mich der De Molen-Blitz aus der Vergangenheit wieder. Ein Senf-Saison!<\/p>\n","category_list_v2":"<a href=\"https:\/\/www.bierversuche.ch\/blog\/category\/craft-bier-versuche\/craft-bier-brauen\/\" rel=\"category tag\">Brauen<\/a>","author_info_v2":{"name":"marcel","url":"https:\/\/www.bierversuche.ch\/blog\/author\/admin\/"},"comments_num_v2":"2 comments","yoast_head":"<!-- This site is optimized with the Yoast SEO plugin v23.8 - https:\/\/yoast.com\/wordpress\/plugins\/seo\/ -->\n<title>Brautag: In A Caraway Saijon - Collabo mit 523 bierversuche.ch<\/title>\n<meta name=\"description\" content=\"Artikel zu Craft-Bier Tastings, Festival-, Ausflug- und Reiseberichte. Wir berichten \u00fcber Awards genau so wie \u00fcber die Craft-Bier Szene, machen Analyse und Interviews.\" \/>\n<meta name=\"robots\" content=\"index, follow, max-snippet:-1, max-image-preview:large, max-video-preview:-1\" \/>\n<link rel=\"canonical\" href=\"https:\/\/www.bierversuche.ch\/blog\/2015\/01\/brautag-mit-523\/\" \/>\n<meta property=\"og:locale\" content=\"de_DE\" \/>\n<meta property=\"og:type\" content=\"article\" \/>\n<meta property=\"og:title\" content=\"Brautag: In A Caraway Saijon - Collabo mit 523 bierversuche.ch\" \/>\n<meta property=\"og:description\" content=\"Artikel zu Craft-Bier Tastings, Festival-, Ausflug- und Reiseberichte. Wir berichten \u00fcber Awards genau so wie \u00fcber die Craft-Bier Szene, machen Analyse und Interviews.\" \/>\n<meta property=\"og:url\" content=\"https:\/\/www.bierversuche.ch\/blog\/2015\/01\/brautag-mit-523\/\" \/>\n<meta property=\"og:site_name\" content=\"bierversuche.ch\" \/>\n<meta property=\"article:publisher\" content=\"https:\/\/www.facebook.com\/bierversuchech\" \/>\n<meta property=\"article:published_time\" content=\"2015-01-05T09:20:44+00:00\" \/>\n<meta property=\"article:modified_time\" content=\"2021-01-31T13:13:31+00:00\" \/>\n<meta property=\"og:image\" content=\"http:\/\/www.bierversuche.ch\/blog\/wp-content\/uploads\/2015\/01\/IMGP7134_opt.jpg\" \/>\n\t<meta property=\"og:image:width\" content=\"1000\" \/>\n\t<meta property=\"og:image:height\" content=\"669\" \/>\n\t<meta property=\"og:image:type\" content=\"image\/jpeg\" \/>\n<meta name=\"author\" content=\"marcel\" \/>\n<meta name=\"twitter:card\" content=\"summary_large_image\" \/>\n<meta name=\"twitter:creator\" content=\"@bierversuche\" \/>\n<meta name=\"twitter:site\" content=\"@bierversuche\" \/>\n<meta name=\"twitter:label1\" content=\"Verfasst von\" \/>\n\t<meta name=\"twitter:data1\" content=\"marcel\" \/>\n\t<meta name=\"twitter:label2\" content=\"Gesch\u00e4tzte Lesezeit\" \/>\n\t<meta name=\"twitter:data2\" content=\"3\u00a0Minuten\" \/>\n<script type=\"application\/ld+json\" class=\"yoast-schema-graph\">{\"@context\":\"https:\/\/schema.org\",\"@graph\":[{\"@type\":\"AdvertiserContentArticle\",\"@id\":\"https:\/\/www.bierversuche.ch\/blog\/2015\/01\/brautag-mit-523\/#article\",\"isPartOf\":{\"@id\":\"https:\/\/www.bierversuche.ch\/blog\/2015\/01\/brautag-mit-523\/\"},\"author\":{\"name\":\"marcel\",\"@id\":\"https:\/\/www.bierversuche.ch\/blog\/#\/schema\/person\/5f3cf08000092000c8ff309101481878\"},\"headline\":\"Brautag: In A Caraway Saijon &#8211; Collabo mit 523\",\"datePublished\":\"2015-01-05T09:20:44+00:00\",\"dateModified\":\"2021-01-31T13:13:31+00:00\",\"mainEntityOfPage\":{\"@id\":\"https:\/\/www.bierversuche.ch\/blog\/2015\/01\/brautag-mit-523\/\"},\"wordCount\":346,\"commentCount\":2,\"publisher\":{\"@id\":\"https:\/\/www.bierversuche.ch\/blog\/#organization\"},\"image\":{\"@id\":\"https:\/\/www.bierversuche.ch\/blog\/2015\/01\/brautag-mit-523\/#primaryimage\"},\"thumbnailUrl\":\"https:\/\/i0.wp.com\/www.bierversuche.ch\/blog\/wp-content\/uploads\/2015\/01\/IMGP7134_opt.jpg?fit=1000%2C669&ssl=1\",\"keywords\":[\"523\",\"Brautag\",\"Collabo\",\"Collaboration-Bier\",\"Hopfen\",\"Koriander\",\"K\u00fcmmel\",\"Saison\",\"Senf\"],\"articleSection\":[\"Brauen\"],\"inLanguage\":\"de\",\"potentialAction\":[{\"@type\":\"CommentAction\",\"name\":\"Comment\",\"target\":[\"https:\/\/www.bierversuche.ch\/blog\/2015\/01\/brautag-mit-523\/#respond\"]}]},{\"@type\":\"WebPage\",\"@id\":\"https:\/\/www.bierversuche.ch\/blog\/2015\/01\/brautag-mit-523\/\",\"url\":\"https:\/\/www.bierversuche.ch\/blog\/2015\/01\/brautag-mit-523\/\",\"name\":\"Brautag: In A Caraway Saijon - Collabo mit 523 bierversuche.ch\",\"isPartOf\":{\"@id\":\"https:\/\/www.bierversuche.ch\/blog\/#website\"},\"primaryImageOfPage\":{\"@id\":\"https:\/\/www.bierversuche.ch\/blog\/2015\/01\/brautag-mit-523\/#primaryimage\"},\"image\":{\"@id\":\"https:\/\/www.bierversuche.ch\/blog\/2015\/01\/brautag-mit-523\/#primaryimage\"},\"thumbnailUrl\":\"https:\/\/i0.wp.com\/www.bierversuche.ch\/blog\/wp-content\/uploads\/2015\/01\/IMGP7134_opt.jpg?fit=1000%2C669&ssl=1\",\"datePublished\":\"2015-01-05T09:20:44+00:00\",\"dateModified\":\"2021-01-31T13:13:31+00:00\",\"description\":\"Artikel zu Craft-Bier Tastings, Festival-, Ausflug- und Reiseberichte. Wir berichten \u00fcber Awards genau so wie \u00fcber die Craft-Bier Szene, machen Analyse und Interviews.\",\"breadcrumb\":{\"@id\":\"https:\/\/www.bierversuche.ch\/blog\/2015\/01\/brautag-mit-523\/#breadcrumb\"},\"inLanguage\":\"de\",\"potentialAction\":[{\"@type\":\"ReadAction\",\"target\":[\"https:\/\/www.bierversuche.ch\/blog\/2015\/01\/brautag-mit-523\/\"]}]},{\"@type\":\"ImageObject\",\"inLanguage\":\"de\",\"@id\":\"https:\/\/www.bierversuche.ch\/blog\/2015\/01\/brautag-mit-523\/#primaryimage\",\"url\":\"https:\/\/i0.wp.com\/www.bierversuche.ch\/blog\/wp-content\/uploads\/2015\/01\/IMGP7134_opt.jpg?fit=1000%2C669&ssl=1\",\"contentUrl\":\"https:\/\/i0.wp.com\/www.bierversuche.ch\/blog\/wp-content\/uploads\/2015\/01\/IMGP7134_opt.jpg?fit=1000%2C669&ssl=1\",\"width\":1000,\"height\":669},{\"@type\":\"BreadcrumbList\",\"@id\":\"https:\/\/www.bierversuche.ch\/blog\/2015\/01\/brautag-mit-523\/#breadcrumb\",\"itemListElement\":[{\"@type\":\"ListItem\",\"position\":1,\"name\":\"Startseite\",\"item\":\"https:\/\/www.bierversuche.ch\/blog\/\"},{\"@type\":\"ListItem\",\"position\":2,\"name\":\"Versuche\",\"item\":\"https:\/\/www.bierversuche.ch\/blog\/category\/craft-bier-versuche\/\"},{\"@type\":\"ListItem\",\"position\":3,\"name\":\"Brauen\",\"item\":\"https:\/\/www.bierversuche.ch\/blog\/category\/craft-bier-versuche\/craft-bier-brauen\/\"},{\"@type\":\"ListItem\",\"position\":4,\"name\":\"Brautag: In A Caraway Saijon &#8211; Collabo mit 523\"}]},{\"@type\":\"WebSite\",\"@id\":\"https:\/\/www.bierversuche.ch\/blog\/#website\",\"url\":\"https:\/\/www.bierversuche.ch\/blog\/\",\"name\":\"bierversuche.ch\",\"description\":\"Craft Beer Blog\",\"publisher\":{\"@id\":\"https:\/\/www.bierversuche.ch\/blog\/#organization\"},\"potentialAction\":[{\"@type\":\"SearchAction\",\"target\":{\"@type\":\"EntryPoint\",\"urlTemplate\":\"https:\/\/www.bierversuche.ch\/blog\/?s={search_term_string}\"},\"query-input\":{\"@type\":\"PropertyValueSpecification\",\"valueRequired\":true,\"valueName\":\"search_term_string\"}}],\"inLanguage\":\"de\"},{\"@type\":\"Organization\",\"@id\":\"https:\/\/www.bierversuche.ch\/blog\/#organization\",\"name\":\"bierversuche\",\"url\":\"https:\/\/www.bierversuche.ch\/blog\/\",\"logo\":{\"@type\":\"ImageObject\",\"inLanguage\":\"de\",\"@id\":\"https:\/\/www.bierversuche.ch\/blog\/#\/schema\/logo\/image\/\",\"url\":\"https:\/\/i0.wp.com\/www.bierversuche.ch\/blog\/wp-content\/uploads\/2013\/10\/Bierversuche_final_ohne_background-e1380636421999.png?fit=120%2C120&ssl=1\",\"contentUrl\":\"https:\/\/i0.wp.com\/www.bierversuche.ch\/blog\/wp-content\/uploads\/2013\/10\/Bierversuche_final_ohne_background-e1380636421999.png?fit=120%2C120&ssl=1\",\"width\":120,\"height\":120,\"caption\":\"bierversuche\"},\"image\":{\"@id\":\"https:\/\/www.bierversuche.ch\/blog\/#\/schema\/logo\/image\/\"},\"sameAs\":[\"https:\/\/www.facebook.com\/bierversuchech\",\"https:\/\/x.com\/bierversuche\",\"https:\/\/www.instagram.com\/bierversuche\/\",\"https:\/\/www.youtube.com\/channel\/UCeL4NwY3vPvisauq_X7N8ZA\"]},{\"@type\":\"Person\",\"@id\":\"https:\/\/www.bierversuche.ch\/blog\/#\/schema\/person\/5f3cf08000092000c8ff309101481878\",\"name\":\"marcel\",\"image\":{\"@type\":\"ImageObject\",\"inLanguage\":\"de\",\"@id\":\"https:\/\/www.bierversuche.ch\/blog\/#\/schema\/person\/image\/\",\"url\":\"https:\/\/secure.gravatar.com\/avatar\/5370f5878ab3c4482b65739100f35fcd?s=96&d=mm&r=g\",\"contentUrl\":\"https:\/\/secure.gravatar.com\/avatar\/5370f5878ab3c4482b65739100f35fcd?s=96&d=mm&r=g\",\"caption\":\"marcel\"},\"url\":\"https:\/\/www.bierversuche.ch\/blog\/author\/admin\/\"}]}<\/script>\n<!-- \/ Yoast SEO plugin. -->","yoast_head_json":{"title":"Brautag: In A Caraway Saijon - Collabo mit 523 bierversuche.ch","description":"Artikel zu Craft-Bier Tastings, Festival-, Ausflug- und Reiseberichte. Wir berichten \u00fcber Awards genau so wie \u00fcber die Craft-Bier Szene, machen Analyse und Interviews.","robots":{"index":"index","follow":"follow","max-snippet":"max-snippet:-1","max-image-preview":"max-image-preview:large","max-video-preview":"max-video-preview:-1"},"canonical":"https:\/\/www.bierversuche.ch\/blog\/2015\/01\/brautag-mit-523\/","og_locale":"de_DE","og_type":"article","og_title":"Brautag: In A Caraway Saijon - Collabo mit 523 bierversuche.ch","og_description":"Artikel zu Craft-Bier Tastings, Festival-, Ausflug- und Reiseberichte. Wir berichten \u00fcber Awards genau so wie \u00fcber die Craft-Bier Szene, machen Analyse und Interviews.","og_url":"https:\/\/www.bierversuche.ch\/blog\/2015\/01\/brautag-mit-523\/","og_site_name":"bierversuche.ch","article_publisher":"https:\/\/www.facebook.com\/bierversuchech","article_published_time":"2015-01-05T09:20:44+00:00","article_modified_time":"2021-01-31T13:13:31+00:00","og_image":[{"width":1000,"height":669,"url":"http:\/\/www.bierversuche.ch\/blog\/wp-content\/uploads\/2015\/01\/IMGP7134_opt.jpg","type":"image\/jpeg"}],"author":"marcel","twitter_card":"summary_large_image","twitter_creator":"@bierversuche","twitter_site":"@bierversuche","twitter_misc":{"Verfasst von":"marcel","Gesch\u00e4tzte Lesezeit":"3\u00a0Minuten"},"schema":{"@context":"https:\/\/schema.org","@graph":[{"@type":"AdvertiserContentArticle","@id":"https:\/\/www.bierversuche.ch\/blog\/2015\/01\/brautag-mit-523\/#article","isPartOf":{"@id":"https:\/\/www.bierversuche.ch\/blog\/2015\/01\/brautag-mit-523\/"},"author":{"name":"marcel","@id":"https:\/\/www.bierversuche.ch\/blog\/#\/schema\/person\/5f3cf08000092000c8ff309101481878"},"headline":"Brautag: In A Caraway Saijon &#8211; Collabo mit 523","datePublished":"2015-01-05T09:20:44+00:00","dateModified":"2021-01-31T13:13:31+00:00","mainEntityOfPage":{"@id":"https:\/\/www.bierversuche.ch\/blog\/2015\/01\/brautag-mit-523\/"},"wordCount":346,"commentCount":2,"publisher":{"@id":"https:\/\/www.bierversuche.ch\/blog\/#organization"},"image":{"@id":"https:\/\/www.bierversuche.ch\/blog\/2015\/01\/brautag-mit-523\/#primaryimage"},"thumbnailUrl":"https:\/\/i0.wp.com\/www.bierversuche.ch\/blog\/wp-content\/uploads\/2015\/01\/IMGP7134_opt.jpg?fit=1000%2C669&ssl=1","keywords":["523","Brautag","Collabo","Collaboration-Bier","Hopfen","Koriander","K\u00fcmmel","Saison","Senf"],"articleSection":["Brauen"],"inLanguage":"de","potentialAction":[{"@type":"CommentAction","name":"Comment","target":["https:\/\/www.bierversuche.ch\/blog\/2015\/01\/brautag-mit-523\/#respond"]}]},{"@type":"WebPage","@id":"https:\/\/www.bierversuche.ch\/blog\/2015\/01\/brautag-mit-523\/","url":"https:\/\/www.bierversuche.ch\/blog\/2015\/01\/brautag-mit-523\/","name":"Brautag: In A Caraway Saijon - Collabo mit 523 bierversuche.ch","isPartOf":{"@id":"https:\/\/www.bierversuche.ch\/blog\/#website"},"primaryImageOfPage":{"@id":"https:\/\/www.bierversuche.ch\/blog\/2015\/01\/brautag-mit-523\/#primaryimage"},"image":{"@id":"https:\/\/www.bierversuche.ch\/blog\/2015\/01\/brautag-mit-523\/#primaryimage"},"thumbnailUrl":"https:\/\/i0.wp.com\/www.bierversuche.ch\/blog\/wp-content\/uploads\/2015\/01\/IMGP7134_opt.jpg?fit=1000%2C669&ssl=1","datePublished":"2015-01-05T09:20:44+00:00","dateModified":"2021-01-31T13:13:31+00:00","description":"Artikel zu Craft-Bier Tastings, Festival-, Ausflug- und Reiseberichte. Wir berichten \u00fcber Awards genau so wie \u00fcber die Craft-Bier Szene, machen Analyse und Interviews.","breadcrumb":{"@id":"https:\/\/www.bierversuche.ch\/blog\/2015\/01\/brautag-mit-523\/#breadcrumb"},"inLanguage":"de","potentialAction":[{"@type":"ReadAction","target":["https:\/\/www.bierversuche.ch\/blog\/2015\/01\/brautag-mit-523\/"]}]},{"@type":"ImageObject","inLanguage":"de","@id":"https:\/\/www.bierversuche.ch\/blog\/2015\/01\/brautag-mit-523\/#primaryimage","url":"https:\/\/i0.wp.com\/www.bierversuche.ch\/blog\/wp-content\/uploads\/2015\/01\/IMGP7134_opt.jpg?fit=1000%2C669&ssl=1","contentUrl":"https:\/\/i0.wp.com\/www.bierversuche.ch\/blog\/wp-content\/uploads\/2015\/01\/IMGP7134_opt.jpg?fit=1000%2C669&ssl=1","width":1000,"height":669},{"@type":"BreadcrumbList","@id":"https:\/\/www.bierversuche.ch\/blog\/2015\/01\/brautag-mit-523\/#breadcrumb","itemListElement":[{"@type":"ListItem","position":1,"name":"Startseite","item":"https:\/\/www.bierversuche.ch\/blog\/"},{"@type":"ListItem","position":2,"name":"Versuche","item":"https:\/\/www.bierversuche.ch\/blog\/category\/craft-bier-versuche\/"},{"@type":"ListItem","position":3,"name":"Brauen","item":"https:\/\/www.bierversuche.ch\/blog\/category\/craft-bier-versuche\/craft-bier-brauen\/"},{"@type":"ListItem","position":4,"name":"Brautag: In A Caraway Saijon &#8211; Collabo mit 523"}]},{"@type":"WebSite","@id":"https:\/\/www.bierversuche.ch\/blog\/#website","url":"https:\/\/www.bierversuche.ch\/blog\/","name":"bierversuche.ch","description":"Craft Beer Blog","publisher":{"@id":"https:\/\/www.bierversuche.ch\/blog\/#organization"},"potentialAction":[{"@type":"SearchAction","target":{"@type":"EntryPoint","urlTemplate":"https:\/\/www.bierversuche.ch\/blog\/?s={search_term_string}"},"query-input":{"@type":"PropertyValueSpecification","valueRequired":true,"valueName":"search_term_string"}}],"inLanguage":"de"},{"@type":"Organization","@id":"https:\/\/www.bierversuche.ch\/blog\/#organization","name":"bierversuche","url":"https:\/\/www.bierversuche.ch\/blog\/","logo":{"@type":"ImageObject","inLanguage":"de","@id":"https:\/\/www.bierversuche.ch\/blog\/#\/schema\/logo\/image\/","url":"https:\/\/i0.wp.com\/www.bierversuche.ch\/blog\/wp-content\/uploads\/2013\/10\/Bierversuche_final_ohne_background-e1380636421999.png?fit=120%2C120&ssl=1","contentUrl":"https:\/\/i0.wp.com\/www.bierversuche.ch\/blog\/wp-content\/uploads\/2013\/10\/Bierversuche_final_ohne_background-e1380636421999.png?fit=120%2C120&ssl=1","width":120,"height":120,"caption":"bierversuche"},"image":{"@id":"https:\/\/www.bierversuche.ch\/blog\/#\/schema\/logo\/image\/"},"sameAs":["https:\/\/www.facebook.com\/bierversuchech","https:\/\/x.com\/bierversuche","https:\/\/www.instagram.com\/bierversuche\/","https:\/\/www.youtube.com\/channel\/UCeL4NwY3vPvisauq_X7N8ZA"]},{"@type":"Person","@id":"https:\/\/www.bierversuche.ch\/blog\/#\/schema\/person\/5f3cf08000092000c8ff309101481878","name":"marcel","image":{"@type":"ImageObject","inLanguage":"de","@id":"https:\/\/www.bierversuche.ch\/blog\/#\/schema\/person\/image\/","url":"https:\/\/secure.gravatar.com\/avatar\/5370f5878ab3c4482b65739100f35fcd?s=96&d=mm&r=g","contentUrl":"https:\/\/secure.gravatar.com\/avatar\/5370f5878ab3c4482b65739100f35fcd?s=96&d=mm&r=g","caption":"marcel"},"url":"https:\/\/www.bierversuche.ch\/blog\/author\/admin\/"}]}},"jetpack_featured_media_url":"https:\/\/i0.wp.com\/www.bierversuche.ch\/blog\/wp-content\/uploads\/2015\/01\/IMGP7134_opt.jpg?fit=1000%2C669&ssl=1","jetpack_sharing_enabled":true,"jetpack_shortlink":"https:\/\/wp.me\/p4qyc6-k3","_links":{"self":[{"href":"https:\/\/www.bierversuche.ch\/blog\/wp-json\/wp\/v2\/posts\/1243"}],"collection":[{"href":"https:\/\/www.bierversuche.ch\/blog\/wp-json\/wp\/v2\/posts"}],"about":[{"href":"https:\/\/www.bierversuche.ch\/blog\/wp-json\/wp\/v2\/types\/post"}],"author":[{"embeddable":true,"href":"https:\/\/www.bierversuche.ch\/blog\/wp-json\/wp\/v2\/users\/1"}],"replies":[{"embeddable":true,"href":"https:\/\/www.bierversuche.ch\/blog\/wp-json\/wp\/v2\/comments?post=1243"}],"version-history":[{"count":11,"href":"https:\/\/www.bierversuche.ch\/blog\/wp-json\/wp\/v2\/posts\/1243\/revisions"}],"predecessor-version":[{"id":5480,"href":"https:\/\/www.bierversuche.ch\/blog\/wp-json\/wp\/v2\/posts\/1243\/revisions\/5480"}],"wp:featuredmedia":[{"embeddable":true,"href":"https:\/\/www.bierversuche.ch\/blog\/wp-json\/wp\/v2\/media\/1249"}],"wp:attachment":[{"href":"https:\/\/www.bierversuche.ch\/blog\/wp-json\/wp\/v2\/media?parent=1243"}],"wp:term":[{"taxonomy":"category","embeddable":true,"href":"https:\/\/www.bierversuche.ch\/blog\/wp-json\/wp\/v2\/categories?post=1243"},{"taxonomy":"post_tag","embeddable":true,"href":"https:\/\/www.bierversuche.ch\/blog\/wp-json\/wp\/v2\/tags?post=1243"}],"curies":[{"name":"wp","href":"https:\/\/api.w.org\/{rel}","templated":true}]}}