{"id":4131,"date":"2020-08-13T13:16:14","date_gmt":"2020-08-13T11:16:14","guid":{"rendered":"http:\/\/www.bierversuche.ch\/blog\/?p=4131"},"modified":"2021-02-12T16:17:06","modified_gmt":"2021-02-12T15:17:06","slug":"portrait-a-tue-tete-deutsch","status":"publish","type":"post","link":"https:\/\/www.bierversuche.ch\/blog\/2020\/08\/portrait-a-tue-tete-deutsch\/","title":{"rendered":"Portrait: \u00c0 tue-t\u00eate"},"content":{"rendered":"\n<p class=\"has-medium-font-size\">Erst 2017 gegr\u00fcndet und in Aigle, Schweiz, ans\u00e4ssig, hat sich \u00c0 tue-t\u00eate, kurz ATT, schnell als Produzent von hochwertigen Sauerbieren etabliert. Die von Gr\u00fcnder, Besitzer und Head Blender Julien hergestellten Biere sind nicht nur in der Schweiz sehr beliebt. Mittlerweile verkauft er sie in die Niederlande, nach Frankreich und sogar nach Belgien, dem Land, das f\u00fcr seine sauren Biere ber\u00fchmt ist.<\/p>\n\n\n\n<p>Lesen Sie, was Julien zum Essen mit einem Glas Surette empfiehlt, was er Hobby-Brauern r\u00e4t und welche Hoffnungen er f\u00fcr die Schweizer Bierszene hat.<\/p>\n\n\n\n<h3 class=\"wp-block-heading\">Informationen zur Brauerei <\/h3>\n\n\n\n<p><strong>Name der Brauerei:<\/strong><\/p>\n\n\n\n<p>\u00c0 tue-t\u00eate!  <\/p>\n\n\n\n<p><strong>Links:<\/strong><\/p>\n\n\n\n<p>Facebook:<a href=\"https:\/\/web.facebook.com\/attbrasserie\/\">https:\/\/web.facebook.com\/attbrasserie\/<\/a><\/p>\n\n\n\n<p>Instagram: <a href=\"https:\/\/www.instagram.com\/attblendery\/\">www.instagram.com\/attblendery\/<\/a><\/p>\n\n\n\n<p><strong>Name:<\/strong> <\/p>\n\n\n\n<p>Julien Bretheau &#8211; Besitzer und Gr\u00fcnder von \u00c0 tue-t\u00eate<\/p>\n\n\n\n<p><strong>Gr\u00fcndungsjahr: <\/strong><\/p>\n\n\n\n<p>2017<\/p>\n\n\n\n<p><strong>Welche Bedeutung hat der Name?<\/strong><\/p>\n\n\n\n<p>\u00c0 tue-t\u00eate ist ein franz\u00f6sischer Ausdruck, der so etwas wie &#8222;mit lauter Stimme&#8220; bedeutet. Wir m\u00f6gen es, wenn unsere Biere einen kr\u00e4ftigen Geschmack und eine leichte S\u00e4ure haben! Wenn sie reden k\u00f6nnten, w\u00fcrden sie schreien!<\/p>\n\n\n\n<p><strong>Wie viel produziert ihr im Jahr?<\/strong><\/p>\n\n\n\n<p>Zwei Drittel des im Fass gereiften Bieres werden jedes Jahr abgef\u00fcllt. Das waren in den letzten 12 Monaten etwa 100 hl Bier. Da wir unsere Fasslagerkapazit\u00e4ten erh\u00f6hen, steigt die Produktion jedes Jahr leicht an. Die derzeitige Kapazit\u00e4t von \u00c0 tue-t\u00eate betr\u00e4gt 200 hl.<\/p>\n\n\n\n<figure class=\"wp-block-gallery columns-3 is-cropped wp-block-gallery-1 is-layout-flex wp-block-gallery-is-layout-flex\"><ul class=\"blocks-gallery-grid\"><li class=\"blocks-gallery-item\"><figure><img data-recalc-dims=\"1\" loading=\"lazy\" decoding=\"async\" width=\"1024\" height=\"1024\" src=\"https:\/\/i0.wp.com\/www.bierversuche.ch\/blog\/wp-content\/uploads\/2020\/08\/A-tue-tete-ATT-ApricotStones.jpg?resize=1024%2C1024\" alt=\"\" data-id=\"4120\" data-full-url=\"http:\/\/www.bierversuche.ch\/blog\/wp-content\/uploads\/2020\/08\/A-tue-tete-ATT-ApricotStones.jpg\" data-link=\"http:\/\/www.bierversuche.ch\/blog\/a-tue-tete-att-apricotstones\/\" class=\"wp-image-4120\" srcset=\"https:\/\/i0.wp.com\/www.bierversuche.ch\/blog\/wp-content\/uploads\/2020\/08\/A-tue-tete-ATT-ApricotStones.jpg?resize=1024%2C1024&amp;ssl=1 1024w, https:\/\/i0.wp.com\/www.bierversuche.ch\/blog\/wp-content\/uploads\/2020\/08\/A-tue-tete-ATT-ApricotStones.jpg?resize=300%2C300&amp;ssl=1 300w, https:\/\/i0.wp.com\/www.bierversuche.ch\/blog\/wp-content\/uploads\/2020\/08\/A-tue-tete-ATT-ApricotStones.jpg?resize=150%2C150&amp;ssl=1 150w, https:\/\/i0.wp.com\/www.bierversuche.ch\/blog\/wp-content\/uploads\/2020\/08\/A-tue-tete-ATT-ApricotStones.jpg?resize=768%2C768&amp;ssl=1 768w, https:\/\/i0.wp.com\/www.bierversuche.ch\/blog\/wp-content\/uploads\/2020\/08\/A-tue-tete-ATT-ApricotStones.jpg?resize=1536%2C1536&amp;ssl=1 1536w, https:\/\/i0.wp.com\/www.bierversuche.ch\/blog\/wp-content\/uploads\/2020\/08\/A-tue-tete-ATT-ApricotStones.jpg?resize=2048%2C2048&amp;ssl=1 2048w, https:\/\/i0.wp.com\/www.bierversuche.ch\/blog\/wp-content\/uploads\/2020\/08\/A-tue-tete-ATT-ApricotStones.jpg?resize=240%2C240&amp;ssl=1 240w, https:\/\/i0.wp.com\/www.bierversuche.ch\/blog\/wp-content\/uploads\/2020\/08\/A-tue-tete-ATT-ApricotStones.jpg?w=2340 2340w\" sizes=\"(max-width: 1024px) 100vw, 1024px\" \/><\/figure><\/li><li class=\"blocks-gallery-item\"><figure><img data-recalc-dims=\"1\" loading=\"lazy\" decoding=\"async\" width=\"1024\" height=\"1024\" src=\"https:\/\/i0.wp.com\/www.bierversuche.ch\/blog\/wp-content\/uploads\/2020\/08\/A-tue-tete-ATT-apricots.jpg?resize=1024%2C1024\" alt=\"\" data-id=\"4117\" data-full-url=\"http:\/\/www.bierversuche.ch\/blog\/wp-content\/uploads\/2020\/08\/A-tue-tete-ATT-apricots-scaled.jpg\" data-link=\"http:\/\/www.bierversuche.ch\/blog\/a-tue-tete-att-apricots\/\" class=\"wp-image-4117\" srcset=\"https:\/\/i0.wp.com\/www.bierversuche.ch\/blog\/wp-content\/uploads\/2020\/08\/A-tue-tete-ATT-apricots-scaled.jpg?resize=1024%2C1024&amp;ssl=1 1024w, https:\/\/i0.wp.com\/www.bierversuche.ch\/blog\/wp-content\/uploads\/2020\/08\/A-tue-tete-ATT-apricots-scaled.jpg?resize=300%2C300&amp;ssl=1 300w, https:\/\/i0.wp.com\/www.bierversuche.ch\/blog\/wp-content\/uploads\/2020\/08\/A-tue-tete-ATT-apricots-scaled.jpg?resize=150%2C150&amp;ssl=1 150w, https:\/\/i0.wp.com\/www.bierversuche.ch\/blog\/wp-content\/uploads\/2020\/08\/A-tue-tete-ATT-apricots-scaled.jpg?resize=768%2C768&amp;ssl=1 768w, https:\/\/i0.wp.com\/www.bierversuche.ch\/blog\/wp-content\/uploads\/2020\/08\/A-tue-tete-ATT-apricots-scaled.jpg?resize=1536%2C1536&amp;ssl=1 1536w, https:\/\/i0.wp.com\/www.bierversuche.ch\/blog\/wp-content\/uploads\/2020\/08\/A-tue-tete-ATT-apricots-scaled.jpg?resize=2048%2C2048&amp;ssl=1 2048w, https:\/\/i0.wp.com\/www.bierversuche.ch\/blog\/wp-content\/uploads\/2020\/08\/A-tue-tete-ATT-apricots-scaled.jpg?resize=240%2C240&amp;ssl=1 240w, https:\/\/i0.wp.com\/www.bierversuche.ch\/blog\/wp-content\/uploads\/2020\/08\/A-tue-tete-ATT-apricots-scaled.jpg?w=2340 2340w\" sizes=\"(max-width: 1024px) 100vw, 1024px\" \/><\/figure><\/li><li class=\"blocks-gallery-item\"><figure><img data-recalc-dims=\"1\" loading=\"lazy\" decoding=\"async\" width=\"1024\" height=\"680\" src=\"https:\/\/i0.wp.com\/www.bierversuche.ch\/blog\/wp-content\/uploads\/2020\/08\/A-tue-tete-ATT-Blackcurrants.jpg?resize=1024%2C680\" alt=\"\" data-id=\"4123\" data-full-url=\"http:\/\/www.bierversuche.ch\/blog\/wp-content\/uploads\/2020\/08\/A-tue-tete-ATT-Blackcurrants-scaled.jpg\" data-link=\"http:\/\/www.bierversuche.ch\/blog\/a-tue-tete-att-blackcurrants\/\" class=\"wp-image-4123\" srcset=\"https:\/\/i0.wp.com\/www.bierversuche.ch\/blog\/wp-content\/uploads\/2020\/08\/A-tue-tete-ATT-Blackcurrants-scaled.jpg?resize=1024%2C680&amp;ssl=1 1024w, https:\/\/i0.wp.com\/www.bierversuche.ch\/blog\/wp-content\/uploads\/2020\/08\/A-tue-tete-ATT-Blackcurrants-scaled.jpg?resize=300%2C199&amp;ssl=1 300w, https:\/\/i0.wp.com\/www.bierversuche.ch\/blog\/wp-content\/uploads\/2020\/08\/A-tue-tete-ATT-Blackcurrants-scaled.jpg?resize=768%2C510&amp;ssl=1 768w, https:\/\/i0.wp.com\/www.bierversuche.ch\/blog\/wp-content\/uploads\/2020\/08\/A-tue-tete-ATT-Blackcurrants-scaled.jpg?resize=1536%2C1020&amp;ssl=1 1536w, https:\/\/i0.wp.com\/www.bierversuche.ch\/blog\/wp-content\/uploads\/2020\/08\/A-tue-tete-ATT-Blackcurrants-scaled.jpg?resize=2048%2C1360&amp;ssl=1 2048w, https:\/\/i0.wp.com\/www.bierversuche.ch\/blog\/wp-content\/uploads\/2020\/08\/A-tue-tete-ATT-Blackcurrants-scaled.jpg?resize=360%2C240&amp;ssl=1 360w, https:\/\/i0.wp.com\/www.bierversuche.ch\/blog\/wp-content\/uploads\/2020\/08\/A-tue-tete-ATT-Blackcurrants-scaled.jpg?w=2340 2340w\" sizes=\"(max-width: 1024px) 100vw, 1024px\" \/><\/figure><\/li><\/ul><\/figure>\n\n\n\n<p><strong>Wo kann man welche von euren Biere kaufen?<\/strong><\/p>\n\n\n\n<p>In Bierfachgesch\u00e4ften, einigen Bars und Restaurants im ganzen Land, in Belgien, Frankreich und den Niederlanden.<\/p>\n\n\n\n<p><strong>Wem verkauft ihr am meisten Bier?<\/strong><\/p>\n\n\n\n<p>An &#8222;La Mise en Bi\u00e8re&#8220; in Lausanne.<\/p>\n\n\n\n<p><strong>Welche zwei Entwicklungsschritte macht ihr in den n\u00e4chsten 6 bis 12 Monaten?<\/strong><\/p>\n\n\n\n<p>Es w\u00e4re einfacher gewesen, diese Frage vor einem Jahr zu beantworten, da f\u00fcr 2020 nichts Grosses in Sicht ist.\u00a0Hier sind also die beiden Schritte, die wir bei \u00c0 tue-t\u00eate in den letzten 12 Monaten unternommen haben:\u00a0<\/p>\n\n\n\n<ol class=\"wp-block-list\"><li>Wir haben es geschafft, Vertriebspartner innerhalb und ausserhalb des Landes zu finden. Unsere Biere k\u00f6nnen nun ein breiteres Publikum erreichen.&nbsp;<\/li><li>Wir kaufen jetzt nicht fermentierte W\u00fcrze von WhiteFrontier, die nach unseren Rezepten gebraut wird. Durch den Wegfall unseres kleinen Sudhauses konnten wir etwas Platz f\u00fcr mehr F\u00e4sser schaffen. Ausserdem erleichtert die Konsistenz von Charge zu Charge den Ausmischungsprozess.&nbsp;<\/li><\/ol>\n\n\n\n<p>Wir k\u00f6nnen uns nun im Wesentlichen auf die G\u00e4rung, Reifung und das Mischen von Bier sowie auf die Verarbeitung der vielen Fr\u00fcchte konzentrieren, die wir in unseren Bieren verwenden.&nbsp;<\/p>\n\n\n\n<p><strong>\u00c0 tue-t\u00eate<\/strong> <strong>in f\u00fcnf Jahren&#8230;<\/strong><\/p>\n\n\n\n<p>Vielleicht suchen wir ein gr\u00f6sseres Lager, um mehr Holzf\u00e4sser kaufen zu k\u00f6nnen. Vielleicht kann ich jemanden einstellen, damit ich mich irgendwann mal ausruhen kann.<\/p>\n\n\n\n<figure class=\"wp-block-gallery columns-1 is-cropped wp-block-gallery-2 is-layout-flex wp-block-gallery-is-layout-flex\"><ul class=\"blocks-gallery-grid\"><li class=\"blocks-gallery-item\"><figure><img data-recalc-dims=\"1\" loading=\"lazy\" decoding=\"async\" width=\"1024\" height=\"768\" src=\"https:\/\/i0.wp.com\/www.bierversuche.ch\/blog\/wp-content\/uploads\/2020\/08\/A-tue-tete-ATT-Barrels.jpg?resize=1024%2C768\" alt=\"\" data-id=\"4122\" data-full-url=\"http:\/\/www.bierversuche.ch\/blog\/wp-content\/uploads\/2020\/08\/A-tue-tete-ATT-Barrels-scaled.jpg\" data-link=\"http:\/\/www.bierversuche.ch\/blog\/a-tue-tete-att-barrels\/\" class=\"wp-image-4122\" srcset=\"https:\/\/i0.wp.com\/www.bierversuche.ch\/blog\/wp-content\/uploads\/2020\/08\/A-tue-tete-ATT-Barrels-scaled.jpg?resize=1024%2C768&amp;ssl=1 1024w, https:\/\/i0.wp.com\/www.bierversuche.ch\/blog\/wp-content\/uploads\/2020\/08\/A-tue-tete-ATT-Barrels-scaled.jpg?resize=300%2C225&amp;ssl=1 300w, https:\/\/i0.wp.com\/www.bierversuche.ch\/blog\/wp-content\/uploads\/2020\/08\/A-tue-tete-ATT-Barrels-scaled.jpg?resize=768%2C576&amp;ssl=1 768w, https:\/\/i0.wp.com\/www.bierversuche.ch\/blog\/wp-content\/uploads\/2020\/08\/A-tue-tete-ATT-Barrels-scaled.jpg?resize=1536%2C1152&amp;ssl=1 1536w, https:\/\/i0.wp.com\/www.bierversuche.ch\/blog\/wp-content\/uploads\/2020\/08\/A-tue-tete-ATT-Barrels-scaled.jpg?resize=2048%2C1536&amp;ssl=1 2048w, https:\/\/i0.wp.com\/www.bierversuche.ch\/blog\/wp-content\/uploads\/2020\/08\/A-tue-tete-ATT-Barrels-scaled.jpg?resize=320%2C240&amp;ssl=1 320w, https:\/\/i0.wp.com\/www.bierversuche.ch\/blog\/wp-content\/uploads\/2020\/08\/A-tue-tete-ATT-Barrels-scaled.jpg?w=2340 2340w\" sizes=\"(max-width: 1024px) 100vw, 1024px\" \/><\/figure><\/li><\/ul><\/figure>\n\n\n\n<h3 class=\"wp-block-heading\">Information zu den Bieren<\/h3>\n\n\n\n<p><strong>Welches Bier (inkl. Bierstil) ist euer Top-Seller?<\/strong><\/p>\n\n\n\n<p>Unser im Fass gereiftes, gemischt vergorenes golden Ale &#8222;Surette&#8220;.&nbsp;Jedes Jahr w\u00e4hlen wir 1 Jahr alte und 2 Jahre alte F\u00e4sser unseres goldgelben, Sauerbieres aus, die zusammen gemischt werden. Jeder Jahrgang ist einzigartig!<\/p>\n\n\n\n<p class=\"H4\"><strong>Anteil des Top-Sellers an der Gesamtproduktion<\/strong><\/p>\n\n\n\n<p>15%.<\/p>\n\n\n\n<p class=\"H3\"><strong>Bedeutung des Namens von zwei von euren Bieren<\/strong><\/p>\n\n\n\n<p>Surette, unser Top-seller Bier, bedeutet auf Franz\u00f6sisch &#8222;sauer&#8220;. Der Begriff wird haupts\u00e4chlich in Quebec verwendet.&nbsp;Unsere anderen Biere sind nach den Fr\u00fcchten benannt, die sie enthalten.&nbsp;Zum Beispiel heisst unser Kirschbier Cerise.<\/p>\n\n\n\n<h3 class=\"wp-block-heading\">Bierszene und #beerlife<\/h3>\n\n\n\n<p><strong>Mit welcher Schweizer Brauerei oder Person w\u00fcrdet ihr gerne eine Collab machen?<\/strong><\/p>\n\n\n\n<p>Wir m\u00f6gen Kollaborationen nicht besonders, es sei denn, wir haben eine wirklich freundschaftliche Beziehung zu einer Brauerei. Andererseits habe ich das Gef\u00fchl, dass unsere t\u00e4gliche Arbeit eine kontinuierliche Zusammenarbeit mit Winzern und Obstbauern ist. Wir konzentrieren uns auf unser fantastisches Terroir, und da gibt es keine Abk\u00fcrzung. Wir m\u00fcssen unsere Winzer kennen und unsere Leidenschaft mit ihnen teilen.<\/p>\n\n\n\n<p><strong>Nenne ein perfektes Pairing von einem Bier von euch und einem Men\u00fc (im Idealfall mit Rezept)<\/strong><\/p>\n\n\n\n<p>Ein Glas \u00c0 tue-t\u00eate Surette passt gut zu einem alten Greyerzerk\u00e4se. Daf\u00fcr ist kein Rezept n\u00f6tig.<\/p>\n\n\n\n<p><strong>Einem Hobby-Brauer rate ich&#8230;<\/strong><\/p>\n\n\n\n<p>Lies alles, was es \u00fcber Home-Brewing zu lesen gibt, aber auch \u00fcber das Brauen im Allgemeinen. Probiere so viele Biere, wie du kannst, damit du deinen Geschmack und dein Wissen \u00fcber Bierherstellung und -verkostung entwickeln kannst. Kaufe ein Sensorik-Kit, um dich mit Off-flavours (Fehlern im Bier) vertraut zu machen.&nbsp;Wenn du nicht weisst, ob du etwas falsch machst, gibt es keine M\u00f6glichkeit, dich zu verbessern.<\/p>\n\n\n\n<figure class=\"wp-block-gallery columns-3 is-cropped wp-block-gallery-3 is-layout-flex wp-block-gallery-is-layout-flex\"><ul class=\"blocks-gallery-grid\"><li class=\"blocks-gallery-item\"><figure><img data-recalc-dims=\"1\" loading=\"lazy\" decoding=\"async\" width=\"951\" height=\"1024\" src=\"https:\/\/i0.wp.com\/www.bierversuche.ch\/blog\/wp-content\/uploads\/2020\/08\/ATT-a-tue-tete-surette.jpg?resize=951%2C1024\" alt=\"\" data-id=\"4126\" data-full-url=\"http:\/\/www.bierversuche.ch\/blog\/wp-content\/uploads\/2020\/08\/ATT-a-tue-tete-surette.jpg\" data-link=\"http:\/\/www.bierversuche.ch\/blog\/att-a-tue-tete-surette\/\" class=\"wp-image-4126\" srcset=\"https:\/\/i0.wp.com\/www.bierversuche.ch\/blog\/wp-content\/uploads\/2020\/08\/ATT-a-tue-tete-surette.jpg?resize=951%2C1024&amp;ssl=1 951w, https:\/\/i0.wp.com\/www.bierversuche.ch\/blog\/wp-content\/uploads\/2020\/08\/ATT-a-tue-tete-surette.jpg?resize=279%2C300&amp;ssl=1 279w, https:\/\/i0.wp.com\/www.bierversuche.ch\/blog\/wp-content\/uploads\/2020\/08\/ATT-a-tue-tete-surette.jpg?resize=768%2C827&amp;ssl=1 768w, https:\/\/i0.wp.com\/www.bierversuche.ch\/blog\/wp-content\/uploads\/2020\/08\/ATT-a-tue-tete-surette.jpg?resize=223%2C240&amp;ssl=1 223w, https:\/\/i0.wp.com\/www.bierversuche.ch\/blog\/wp-content\/uploads\/2020\/08\/ATT-a-tue-tete-surette.jpg?w=1080&amp;ssl=1 1080w\" sizes=\"(max-width: 951px) 100vw, 951px\" \/><figcaption class=\"blocks-gallery-item__caption\">Surette<\/figcaption><\/figure><\/li><li class=\"blocks-gallery-item\"><figure><img data-recalc-dims=\"1\" loading=\"lazy\" decoding=\"async\" width=\"1024\" height=\"1024\" src=\"https:\/\/i0.wp.com\/www.bierversuche.ch\/blog\/wp-content\/uploads\/2020\/08\/ATT-a-tue-tete-march-de-merlot.jpg?resize=1024%2C1024\" alt=\"\" data-id=\"4125\" data-full-url=\"http:\/\/www.bierversuche.ch\/blog\/wp-content\/uploads\/2020\/08\/ATT-a-tue-tete-march-de-merlot.jpg\" data-link=\"http:\/\/www.bierversuche.ch\/blog\/att-a-tue-tete-march-de-merlot\/\" class=\"wp-image-4125\" srcset=\"https:\/\/i0.wp.com\/www.bierversuche.ch\/blog\/wp-content\/uploads\/2020\/08\/ATT-a-tue-tete-march-de-merlot.jpg?resize=1024%2C1024&amp;ssl=1 1024w, https:\/\/i0.wp.com\/www.bierversuche.ch\/blog\/wp-content\/uploads\/2020\/08\/ATT-a-tue-tete-march-de-merlot.jpg?resize=300%2C300&amp;ssl=1 300w, https:\/\/i0.wp.com\/www.bierversuche.ch\/blog\/wp-content\/uploads\/2020\/08\/ATT-a-tue-tete-march-de-merlot.jpg?resize=150%2C150&amp;ssl=1 150w, https:\/\/i0.wp.com\/www.bierversuche.ch\/blog\/wp-content\/uploads\/2020\/08\/ATT-a-tue-tete-march-de-merlot.jpg?resize=768%2C768&amp;ssl=1 768w, https:\/\/i0.wp.com\/www.bierversuche.ch\/blog\/wp-content\/uploads\/2020\/08\/ATT-a-tue-tete-march-de-merlot.jpg?resize=240%2C240&amp;ssl=1 240w, https:\/\/i0.wp.com\/www.bierversuche.ch\/blog\/wp-content\/uploads\/2020\/08\/ATT-a-tue-tete-march-de-merlot.jpg?w=1080&amp;ssl=1 1080w\" sizes=\"(max-width: 1024px) 100vw, 1024px\" \/><figcaption class=\"blocks-gallery-item__caption\">Marc de Merlot<\/figcaption><\/figure><\/li><li class=\"blocks-gallery-item\"><figure><img data-recalc-dims=\"1\" loading=\"lazy\" decoding=\"async\" width=\"922\" height=\"1024\" src=\"https:\/\/i0.wp.com\/www.bierversuche.ch\/blog\/wp-content\/uploads\/2020\/08\/ATT-a-tue-tete-peach-apricot.jpg?resize=922%2C1024\" alt=\"\" data-id=\"4127\" data-full-url=\"http:\/\/www.bierversuche.ch\/blog\/wp-content\/uploads\/2020\/08\/ATT-a-tue-tete-peach-apricot.jpg\" data-link=\"http:\/\/www.bierversuche.ch\/blog\/att-a-tue-tete-peach-apricot\/\" class=\"wp-image-4127\" srcset=\"https:\/\/i0.wp.com\/www.bierversuche.ch\/blog\/wp-content\/uploads\/2020\/08\/ATT-a-tue-tete-peach-apricot.jpg?resize=922%2C1024&amp;ssl=1 922w, https:\/\/i0.wp.com\/www.bierversuche.ch\/blog\/wp-content\/uploads\/2020\/08\/ATT-a-tue-tete-peach-apricot.jpg?resize=270%2C300&amp;ssl=1 270w, https:\/\/i0.wp.com\/www.bierversuche.ch\/blog\/wp-content\/uploads\/2020\/08\/ATT-a-tue-tete-peach-apricot.jpg?resize=768%2C853&amp;ssl=1 768w, https:\/\/i0.wp.com\/www.bierversuche.ch\/blog\/wp-content\/uploads\/2020\/08\/ATT-a-tue-tete-peach-apricot.jpg?resize=216%2C240&amp;ssl=1 216w, https:\/\/i0.wp.com\/www.bierversuche.ch\/blog\/wp-content\/uploads\/2020\/08\/ATT-a-tue-tete-peach-apricot.jpg?w=1080&amp;ssl=1 1080w\" sizes=\"(max-width: 922px) 100vw, 922px\" \/><figcaption class=\"blocks-gallery-item__caption\">P\u00eache Abricot<\/figcaption><\/figure><\/li><\/ul><\/figure>\n\n\n\n<p><strong>Biervielfalt ist&#8230;<\/strong><\/p>\n\n\n\n<p>&#8230; heutzutage auf dem Markt unverzichtbar. Die Menschen in der Schweiz sind seit langem mit den verschiedensten Geschmacksrichtungen von Wein vertraut.&nbsp;Wenn es um Bier geht, ist das leider anders. Das alte Bierkartell hat uns mit der Idee verlassen, dass Bier dieses fade gelbe Lagerbier ist. Auch fast 30 Jahre nach dem angeblichen Ende des Kartells h\u00e4lt sich diese Idee hartn\u00e4ckig.<\/p>\n\n\n\n<p><strong>Was w\u00fcnscht ihr euch f\u00fcr die Schweizer Bierszene<\/strong><\/p>\n\n\n\n<p>Dass die Gesetzgebung bez\u00fcglich der Qualifikation einer Mikrobrauerei in Bezug auf das Produktionsvolumen ge\u00e4ndert wird. Wie BOV Anfang dieses Jahres erw\u00e4hnte, produzieren mehr als 800 &#8222;Brauereien&#8220; im Land weniger als 20HL pro Jahr. Aufgrund der schweizerischen Gesetzgebung, nach welcher sich auch sehr kleine Brauereien registrieren m\u00fcssen, gehen viele Hobbybrauer dann &#8222;pro&#8220; und verkaufen fehlerhafte Biere. Ich denke, dies ist schlecht f\u00fcr die allgemeine Wahrnehmung von handwerklich gebrautem Bier im Land.<\/p>\n\n\n\n<p><strong>Was w\u00fcnscht ihr euch f\u00fcr  die Branche<\/strong><\/p>\n\n\n\n<p>Dass die grossen Bierkonzerne weiterhin Marktanteile an unabh\u00e4ngige Kleinbrauereien verlieren. Ich freue mich, mehr Mikrobrauereien in den Superm\u00e4rkten zu sehen!<\/p>\n\n\n\n<p><strong>Welches deiner\/eurer Biere h\u00e4ttest du\/ihr dem Bierhunter Michael Jackson serviert?<\/strong><\/p>\n\n\n\n<p>Eines, das ich noch nicht gemischt habe. Ich w\u00fcrde lieber ein Pint echtes Ale mit ihm in einem britischen Pub trinken!<\/p>\n\n\n\n<p><strong>Welche 5 Biere sollte jeder probiert haben, bevor er stirbt?<\/strong><\/p>\n\n\n\n<ul class=\"wp-block-list\"><li>Orval&nbsp;<\/li><li>Russian River, Pliny the Elder<\/li><li>Tilquin, Old Gueuze Tilquin \u00e0 l\u2019ancienne<\/li><li>Dieu du Ciel!, P\u00e9ch\u00e9 Mortel<\/li><li>New Belgium, La Folie (yes, I know\u2026)<\/li><\/ul>\n\n\n\n<p><em>Copyright Bilder: \u00c2 tue-t\u00eate und Bierversuche.ch<\/em><\/p>\n","protected":false},"excerpt":{"rendered":"<p>Erst 2017 gegr\u00fcndet und in Aigle, Schweiz, ans\u00e4ssig, hat sich \u00c0 tue-t\u00eate, kurz ATT, schnell als Produzent von hochwertigen Sauerbieren etabliert. Die von Gr\u00fcnder, Besitzer und Head Blender Julien hergestellten Biere sind nicht nur in der Schweiz sehr beliebt. <\/p>\n","protected":false},"author":6,"featured_media":4121,"comment_status":"open","ping_status":"open","sticky":false,"template":"","format":"standard","meta":{"jetpack_post_was_ever_published":false,"_jetpack_newsletter_access":"","_jetpack_dont_email_post_to_subs":false,"_jetpack_newsletter_tier_id":0,"_jetpack_memberships_contains_paywalled_content":false,"_jetpack_memberships_contains_paid_content":false,"footnotes":"","jetpack_publicize_message":"","jetpack_publicize_feature_enabled":true,"jetpack_social_post_already_shared":true,"jetpack_social_options":{"image_generator_settings":{"template":"highway","enabled":false},"version":2}},"categories":[2700,2704],"tags":[1215,1339,250,577,510,1108,1142,248],"class_list":["post-4131","post","type-post","status-publish","format-standard","has-post-thumbnail","hentry","category-craft-bier-brauereien","category-craft-brauereien-personen","tag-a-tue-tete","tag-att","tag-brauerei","tag-julien","tag-portrait","tag-sauerbier","tag-schweizer-bier","tag-schweizer-bier-szene","col-sm-6 col-md-4"],"jetpack_publicize_connections":[],"featured_image_urls_v2":{"full":["https:\/\/i0.wp.com\/www.bierversuche.ch\/blog\/wp-content\/uploads\/2020\/08\/A-tue-tete-ATT-Barrel.jpg?fit=993%2C729&ssl=1",993,729,false],"thumbnail":["https:\/\/i0.wp.com\/www.bierversuche.ch\/blog\/wp-content\/uploads\/2020\/08\/A-tue-tete-ATT-Barrel.jpg?resize=150%2C150&ssl=1",150,150,true],"medium":["https:\/\/i0.wp.com\/www.bierversuche.ch\/blog\/wp-content\/uploads\/2020\/08\/A-tue-tete-ATT-Barrel.jpg?fit=300%2C220&ssl=1",300,220,true],"medium_large":["https:\/\/i0.wp.com\/www.bierversuche.ch\/blog\/wp-content\/uploads\/2020\/08\/A-tue-tete-ATT-Barrel.jpg?fit=768%2C564&ssl=1",768,564,true],"large":["https:\/\/i0.wp.com\/www.bierversuche.ch\/blog\/wp-content\/uploads\/2020\/08\/A-tue-tete-ATT-Barrel.jpg?fit=993%2C729&ssl=1",993,729,true],"1536x1536":["https:\/\/i0.wp.com\/www.bierversuche.ch\/blog\/wp-content\/uploads\/2020\/08\/A-tue-tete-ATT-Barrel.jpg?fit=993%2C729&ssl=1",993,729,true],"2048x2048":["https:\/\/i0.wp.com\/www.bierversuche.ch\/blog\/wp-content\/uploads\/2020\/08\/A-tue-tete-ATT-Barrel.jpg?fit=993%2C729&ssl=1",993,729,true],"greatmag-extra-small":["https:\/\/i0.wp.com\/www.bierversuche.ch\/blog\/wp-content\/uploads\/2020\/08\/A-tue-tete-ATT-Barrel.jpg?resize=100%2C70&ssl=1",100,70,true],"greatmag-small":["https:\/\/i0.wp.com\/www.bierversuche.ch\/blog\/wp-content\/uploads\/2020\/08\/A-tue-tete-ATT-Barrel.jpg?resize=270%2C180&ssl=1",270,180,true],"greatmag-medium":["https:\/\/i0.wp.com\/www.bierversuche.ch\/blog\/wp-content\/uploads\/2020\/08\/A-tue-tete-ATT-Barrel.jpg?resize=380%2C250&ssl=1",380,250,true],"greatmag-featured-a":["https:\/\/i0.wp.com\/www.bierversuche.ch\/blog\/wp-content\/uploads\/2020\/08\/A-tue-tete-ATT-Barrel.jpg?resize=993%2C729&ssl=1",993,729,true],"greatmag-featured-b":["https:\/\/i0.wp.com\/www.bierversuche.ch\/blog\/wp-content\/uploads\/2020\/08\/A-tue-tete-ATT-Barrel.jpg?resize=790%2C535&ssl=1",790,535,true],"greatmag-featured-c":["https:\/\/i0.wp.com\/www.bierversuche.ch\/blog\/wp-content\/uploads\/2020\/08\/A-tue-tete-ATT-Barrel.jpg?resize=600%2C425&ssl=1",600,425,true],"greatmag-single":["https:\/\/i0.wp.com\/www.bierversuche.ch\/blog\/wp-content\/uploads\/2020\/08\/A-tue-tete-ATT-Barrel.jpg?fit=710%2C521&ssl=1",710,521,true]},"post_excerpt_stackable_v2":"<p>Erst 2017 gegr\u00fcndet und in Aigle, Schweiz, ans\u00e4ssig, hat sich \u00c0 tue-t\u00eate, kurz ATT, schnell als Produzent von hochwertigen Sauerbieren etabliert. Die von Gr\u00fcnder, Besitzer und Head Blender Julien hergestellten Biere sind nicht nur in der Schweiz sehr beliebt. <\/p>\n","category_list_v2":"<a href=\"https:\/\/www.bierversuche.ch\/blog\/category\/craft-brauereien-portraets\/craft-bier-brauereien\/\" rel=\"category tag\">Brauereien<\/a>, <a href=\"https:\/\/www.bierversuche.ch\/blog\/category\/craft-brauereien-portraets\/craft-brauereien-personen\/\" rel=\"category tag\">Personen<\/a>","author_info_v2":{"name":"jan","url":"https:\/\/www.bierversuche.ch\/blog\/author\/jan\/"},"comments_num_v2":"0 comments","yoast_head":"<!-- This site is optimized with the Yoast SEO plugin v23.8 - https:\/\/yoast.com\/wordpress\/plugins\/seo\/ -->\n<title>A tue tete - Craft Beer Szene Schweiz: Portrait \u00c0 tue-t\u00eate, ATT<\/title>\n<meta name=\"description\" content=\"\u00c0 tue-t\u00eate, kurz ATT, hat sich seit 2017 als Produzent von hochwertigen Sauerbieren etabliert. Interview mit Gr\u00fcnder und Head Blender Julien.\" \/>\n<meta name=\"robots\" content=\"index, follow, max-snippet:-1, max-image-preview:large, max-video-preview:-1\" \/>\n<link rel=\"canonical\" href=\"https:\/\/www.bierversuche.ch\/blog\/2020\/08\/portrait-a-tue-tete-deutsch\/\" \/>\n<meta property=\"og:locale\" content=\"de_DE\" \/>\n<meta property=\"og:type\" content=\"article\" \/>\n<meta property=\"og:title\" content=\"A tue tete - Craft Beer Szene Schweiz: Portrait \u00c0 tue-t\u00eate, ATT\" \/>\n<meta property=\"og:description\" content=\"\u00c0 tue-t\u00eate, kurz ATT, hat sich seit 2017 als Produzent von hochwertigen Sauerbieren etabliert. Interview mit Gr\u00fcnder und Head Blender Julien.\" \/>\n<meta property=\"og:url\" content=\"https:\/\/www.bierversuche.ch\/blog\/2020\/08\/portrait-a-tue-tete-deutsch\/\" \/>\n<meta property=\"og:site_name\" content=\"bierversuche.ch\" \/>\n<meta property=\"article:publisher\" content=\"https:\/\/www.facebook.com\/bierversuchech\" \/>\n<meta property=\"article:published_time\" content=\"2020-08-13T11:16:14+00:00\" \/>\n<meta property=\"article:modified_time\" content=\"2021-02-12T15:17:06+00:00\" \/>\n<meta property=\"og:image\" content=\"http:\/\/www.bierversuche.ch\/blog\/wp-content\/uploads\/2020\/08\/A-tue-tete-ATT-Barrel.jpg\" \/>\n\t<meta property=\"og:image:width\" content=\"993\" \/>\n\t<meta property=\"og:image:height\" content=\"729\" \/>\n\t<meta property=\"og:image:type\" content=\"image\/jpeg\" \/>\n<meta name=\"author\" content=\"jan\" \/>\n<meta name=\"twitter:card\" content=\"summary_large_image\" \/>\n<meta name=\"twitter:creator\" content=\"@beerlabeled\" \/>\n<meta name=\"twitter:site\" content=\"@bierversuche\" \/>\n<meta name=\"twitter:label1\" content=\"Verfasst von\" \/>\n\t<meta name=\"twitter:data1\" content=\"jan\" \/>\n\t<meta name=\"twitter:label2\" content=\"Gesch\u00e4tzte Lesezeit\" \/>\n\t<meta name=\"twitter:data2\" content=\"6\u00a0Minuten\" \/>\n<script type=\"application\/ld+json\" class=\"yoast-schema-graph\">{\"@context\":\"https:\/\/schema.org\",\"@graph\":[{\"@type\":\"AdvertiserContentArticle\",\"@id\":\"https:\/\/www.bierversuche.ch\/blog\/2020\/08\/portrait-a-tue-tete-deutsch\/#article\",\"isPartOf\":{\"@id\":\"https:\/\/www.bierversuche.ch\/blog\/2020\/08\/portrait-a-tue-tete-deutsch\/\"},\"author\":{\"name\":\"jan\",\"@id\":\"https:\/\/www.bierversuche.ch\/blog\/#\/schema\/person\/b1ccfea4b848b8533b894888271d8fda\"},\"headline\":\"Portrait: \u00c0 tue-t\u00eate\",\"datePublished\":\"2020-08-13T11:16:14+00:00\",\"dateModified\":\"2021-02-12T15:17:06+00:00\",\"mainEntityOfPage\":{\"@id\":\"https:\/\/www.bierversuche.ch\/blog\/2020\/08\/portrait-a-tue-tete-deutsch\/\"},\"wordCount\":984,\"commentCount\":0,\"publisher\":{\"@id\":\"https:\/\/www.bierversuche.ch\/blog\/#organization\"},\"image\":{\"@id\":\"https:\/\/www.bierversuche.ch\/blog\/2020\/08\/portrait-a-tue-tete-deutsch\/#primaryimage\"},\"thumbnailUrl\":\"https:\/\/i0.wp.com\/www.bierversuche.ch\/blog\/wp-content\/uploads\/2020\/08\/A-tue-tete-ATT-Barrel.jpg?fit=993%2C729&ssl=1\",\"keywords\":[\"\u00c0 tue-t\u00eate\",\"att\",\"Brauerei\",\"Julien\",\"Portrait\",\"Sauerbier\",\"Schweizer Bier\",\"Schweizer Bier-Szene\"],\"articleSection\":[\"Brauereien\",\"Personen\"],\"inLanguage\":\"de\",\"potentialAction\":[{\"@type\":\"CommentAction\",\"name\":\"Comment\",\"target\":[\"https:\/\/www.bierversuche.ch\/blog\/2020\/08\/portrait-a-tue-tete-deutsch\/#respond\"]}]},{\"@type\":\"WebPage\",\"@id\":\"https:\/\/www.bierversuche.ch\/blog\/2020\/08\/portrait-a-tue-tete-deutsch\/\",\"url\":\"https:\/\/www.bierversuche.ch\/blog\/2020\/08\/portrait-a-tue-tete-deutsch\/\",\"name\":\"A tue tete - Craft Beer Szene Schweiz: Portrait \u00c0 tue-t\u00eate, ATT\",\"isPartOf\":{\"@id\":\"https:\/\/www.bierversuche.ch\/blog\/#website\"},\"primaryImageOfPage\":{\"@id\":\"https:\/\/www.bierversuche.ch\/blog\/2020\/08\/portrait-a-tue-tete-deutsch\/#primaryimage\"},\"image\":{\"@id\":\"https:\/\/www.bierversuche.ch\/blog\/2020\/08\/portrait-a-tue-tete-deutsch\/#primaryimage\"},\"thumbnailUrl\":\"https:\/\/i0.wp.com\/www.bierversuche.ch\/blog\/wp-content\/uploads\/2020\/08\/A-tue-tete-ATT-Barrel.jpg?fit=993%2C729&ssl=1\",\"datePublished\":\"2020-08-13T11:16:14+00:00\",\"dateModified\":\"2021-02-12T15:17:06+00:00\",\"description\":\"\u00c0 tue-t\u00eate, kurz ATT, hat sich seit 2017 als Produzent von hochwertigen Sauerbieren etabliert. Interview mit Gr\u00fcnder und Head Blender Julien.\",\"breadcrumb\":{\"@id\":\"https:\/\/www.bierversuche.ch\/blog\/2020\/08\/portrait-a-tue-tete-deutsch\/#breadcrumb\"},\"inLanguage\":\"de\",\"potentialAction\":[{\"@type\":\"ReadAction\",\"target\":[\"https:\/\/www.bierversuche.ch\/blog\/2020\/08\/portrait-a-tue-tete-deutsch\/\"]}]},{\"@type\":\"ImageObject\",\"inLanguage\":\"de\",\"@id\":\"https:\/\/www.bierversuche.ch\/blog\/2020\/08\/portrait-a-tue-tete-deutsch\/#primaryimage\",\"url\":\"https:\/\/i0.wp.com\/www.bierversuche.ch\/blog\/wp-content\/uploads\/2020\/08\/A-tue-tete-ATT-Barrel.jpg?fit=993%2C729&ssl=1\",\"contentUrl\":\"https:\/\/i0.wp.com\/www.bierversuche.ch\/blog\/wp-content\/uploads\/2020\/08\/A-tue-tete-ATT-Barrel.jpg?fit=993%2C729&ssl=1\",\"width\":993,\"height\":729,\"caption\":\"\u00c0 Tue T\u00eate\"},{\"@type\":\"BreadcrumbList\",\"@id\":\"https:\/\/www.bierversuche.ch\/blog\/2020\/08\/portrait-a-tue-tete-deutsch\/#breadcrumb\",\"itemListElement\":[{\"@type\":\"ListItem\",\"position\":1,\"name\":\"Startseite\",\"item\":\"https:\/\/www.bierversuche.ch\/blog\/\"},{\"@type\":\"ListItem\",\"position\":2,\"name\":\"Portr\u00e4ts\",\"item\":\"https:\/\/www.bierversuche.ch\/blog\/category\/craft-brauereien-portraets\/\"},{\"@type\":\"ListItem\",\"position\":3,\"name\":\"Brauereien\",\"item\":\"https:\/\/www.bierversuche.ch\/blog\/category\/craft-brauereien-portraets\/craft-bier-brauereien\/\"},{\"@type\":\"ListItem\",\"position\":4,\"name\":\"Portrait: \u00c0 tue-t\u00eate\"}]},{\"@type\":\"WebSite\",\"@id\":\"https:\/\/www.bierversuche.ch\/blog\/#website\",\"url\":\"https:\/\/www.bierversuche.ch\/blog\/\",\"name\":\"bierversuche.ch\",\"description\":\"Craft Beer Blog\",\"publisher\":{\"@id\":\"https:\/\/www.bierversuche.ch\/blog\/#organization\"},\"potentialAction\":[{\"@type\":\"SearchAction\",\"target\":{\"@type\":\"EntryPoint\",\"urlTemplate\":\"https:\/\/www.bierversuche.ch\/blog\/?s={search_term_string}\"},\"query-input\":{\"@type\":\"PropertyValueSpecification\",\"valueRequired\":true,\"valueName\":\"search_term_string\"}}],\"inLanguage\":\"de\"},{\"@type\":\"Organization\",\"@id\":\"https:\/\/www.bierversuche.ch\/blog\/#organization\",\"name\":\"bierversuche\",\"url\":\"https:\/\/www.bierversuche.ch\/blog\/\",\"logo\":{\"@type\":\"ImageObject\",\"inLanguage\":\"de\",\"@id\":\"https:\/\/www.bierversuche.ch\/blog\/#\/schema\/logo\/image\/\",\"url\":\"https:\/\/i0.wp.com\/www.bierversuche.ch\/blog\/wp-content\/uploads\/2013\/10\/Bierversuche_final_ohne_background-e1380636421999.png?fit=120%2C120&ssl=1\",\"contentUrl\":\"https:\/\/i0.wp.com\/www.bierversuche.ch\/blog\/wp-content\/uploads\/2013\/10\/Bierversuche_final_ohne_background-e1380636421999.png?fit=120%2C120&ssl=1\",\"width\":120,\"height\":120,\"caption\":\"bierversuche\"},\"image\":{\"@id\":\"https:\/\/www.bierversuche.ch\/blog\/#\/schema\/logo\/image\/\"},\"sameAs\":[\"https:\/\/www.facebook.com\/bierversuchech\",\"https:\/\/x.com\/bierversuche\",\"https:\/\/www.instagram.com\/bierversuche\/\",\"https:\/\/www.youtube.com\/channel\/UCeL4NwY3vPvisauq_X7N8ZA\"]},{\"@type\":\"Person\",\"@id\":\"https:\/\/www.bierversuche.ch\/blog\/#\/schema\/person\/b1ccfea4b848b8533b894888271d8fda\",\"name\":\"jan\",\"image\":{\"@type\":\"ImageObject\",\"inLanguage\":\"de\",\"@id\":\"https:\/\/www.bierversuche.ch\/blog\/#\/schema\/person\/image\/\",\"url\":\"https:\/\/secure.gravatar.com\/avatar\/9d5dbd015faf298f9bcf44bcd8954ec8?s=96&d=mm&r=g\",\"contentUrl\":\"https:\/\/secure.gravatar.com\/avatar\/9d5dbd015faf298f9bcf44bcd8954ec8?s=96&d=mm&r=g\",\"caption\":\"jan\"},\"description\":\"Ich analysiere die Welt von Craft Bier mit meinem \u00f6konomischen Hintergrund und einer Marketing-Brille aufgesetzt. Und ja, in meinem K\u00fchlschrank hat es Craft Bier. Immer.\",\"sameAs\":[\"https:\/\/www.instagram.com\/beerlabeled\/\",\"https:\/\/x.com\/beerlabeled\"],\"url\":\"https:\/\/www.bierversuche.ch\/blog\/author\/jan\/\"}]}<\/script>\n<!-- \/ Yoast SEO plugin. -->","yoast_head_json":{"title":"A tue tete - Craft Beer Szene Schweiz: Portrait \u00c0 tue-t\u00eate, ATT","description":"\u00c0 tue-t\u00eate, kurz ATT, hat sich seit 2017 als Produzent von hochwertigen Sauerbieren etabliert. Interview mit Gr\u00fcnder und Head Blender Julien.","robots":{"index":"index","follow":"follow","max-snippet":"max-snippet:-1","max-image-preview":"max-image-preview:large","max-video-preview":"max-video-preview:-1"},"canonical":"https:\/\/www.bierversuche.ch\/blog\/2020\/08\/portrait-a-tue-tete-deutsch\/","og_locale":"de_DE","og_type":"article","og_title":"A tue tete - Craft Beer Szene Schweiz: Portrait \u00c0 tue-t\u00eate, ATT","og_description":"\u00c0 tue-t\u00eate, kurz ATT, hat sich seit 2017 als Produzent von hochwertigen Sauerbieren etabliert. Interview mit Gr\u00fcnder und Head Blender Julien.","og_url":"https:\/\/www.bierversuche.ch\/blog\/2020\/08\/portrait-a-tue-tete-deutsch\/","og_site_name":"bierversuche.ch","article_publisher":"https:\/\/www.facebook.com\/bierversuchech","article_published_time":"2020-08-13T11:16:14+00:00","article_modified_time":"2021-02-12T15:17:06+00:00","og_image":[{"width":993,"height":729,"url":"http:\/\/www.bierversuche.ch\/blog\/wp-content\/uploads\/2020\/08\/A-tue-tete-ATT-Barrel.jpg","type":"image\/jpeg"}],"author":"jan","twitter_card":"summary_large_image","twitter_creator":"@beerlabeled","twitter_site":"@bierversuche","twitter_misc":{"Verfasst von":"jan","Gesch\u00e4tzte Lesezeit":"6\u00a0Minuten"},"schema":{"@context":"https:\/\/schema.org","@graph":[{"@type":"AdvertiserContentArticle","@id":"https:\/\/www.bierversuche.ch\/blog\/2020\/08\/portrait-a-tue-tete-deutsch\/#article","isPartOf":{"@id":"https:\/\/www.bierversuche.ch\/blog\/2020\/08\/portrait-a-tue-tete-deutsch\/"},"author":{"name":"jan","@id":"https:\/\/www.bierversuche.ch\/blog\/#\/schema\/person\/b1ccfea4b848b8533b894888271d8fda"},"headline":"Portrait: \u00c0 tue-t\u00eate","datePublished":"2020-08-13T11:16:14+00:00","dateModified":"2021-02-12T15:17:06+00:00","mainEntityOfPage":{"@id":"https:\/\/www.bierversuche.ch\/blog\/2020\/08\/portrait-a-tue-tete-deutsch\/"},"wordCount":984,"commentCount":0,"publisher":{"@id":"https:\/\/www.bierversuche.ch\/blog\/#organization"},"image":{"@id":"https:\/\/www.bierversuche.ch\/blog\/2020\/08\/portrait-a-tue-tete-deutsch\/#primaryimage"},"thumbnailUrl":"https:\/\/i0.wp.com\/www.bierversuche.ch\/blog\/wp-content\/uploads\/2020\/08\/A-tue-tete-ATT-Barrel.jpg?fit=993%2C729&ssl=1","keywords":["\u00c0 tue-t\u00eate","att","Brauerei","Julien","Portrait","Sauerbier","Schweizer Bier","Schweizer Bier-Szene"],"articleSection":["Brauereien","Personen"],"inLanguage":"de","potentialAction":[{"@type":"CommentAction","name":"Comment","target":["https:\/\/www.bierversuche.ch\/blog\/2020\/08\/portrait-a-tue-tete-deutsch\/#respond"]}]},{"@type":"WebPage","@id":"https:\/\/www.bierversuche.ch\/blog\/2020\/08\/portrait-a-tue-tete-deutsch\/","url":"https:\/\/www.bierversuche.ch\/blog\/2020\/08\/portrait-a-tue-tete-deutsch\/","name":"A tue tete - Craft Beer Szene Schweiz: Portrait \u00c0 tue-t\u00eate, ATT","isPartOf":{"@id":"https:\/\/www.bierversuche.ch\/blog\/#website"},"primaryImageOfPage":{"@id":"https:\/\/www.bierversuche.ch\/blog\/2020\/08\/portrait-a-tue-tete-deutsch\/#primaryimage"},"image":{"@id":"https:\/\/www.bierversuche.ch\/blog\/2020\/08\/portrait-a-tue-tete-deutsch\/#primaryimage"},"thumbnailUrl":"https:\/\/i0.wp.com\/www.bierversuche.ch\/blog\/wp-content\/uploads\/2020\/08\/A-tue-tete-ATT-Barrel.jpg?fit=993%2C729&ssl=1","datePublished":"2020-08-13T11:16:14+00:00","dateModified":"2021-02-12T15:17:06+00:00","description":"\u00c0 tue-t\u00eate, kurz ATT, hat sich seit 2017 als Produzent von hochwertigen Sauerbieren etabliert. Interview mit Gr\u00fcnder und Head Blender Julien.","breadcrumb":{"@id":"https:\/\/www.bierversuche.ch\/blog\/2020\/08\/portrait-a-tue-tete-deutsch\/#breadcrumb"},"inLanguage":"de","potentialAction":[{"@type":"ReadAction","target":["https:\/\/www.bierversuche.ch\/blog\/2020\/08\/portrait-a-tue-tete-deutsch\/"]}]},{"@type":"ImageObject","inLanguage":"de","@id":"https:\/\/www.bierversuche.ch\/blog\/2020\/08\/portrait-a-tue-tete-deutsch\/#primaryimage","url":"https:\/\/i0.wp.com\/www.bierversuche.ch\/blog\/wp-content\/uploads\/2020\/08\/A-tue-tete-ATT-Barrel.jpg?fit=993%2C729&ssl=1","contentUrl":"https:\/\/i0.wp.com\/www.bierversuche.ch\/blog\/wp-content\/uploads\/2020\/08\/A-tue-tete-ATT-Barrel.jpg?fit=993%2C729&ssl=1","width":993,"height":729,"caption":"\u00c0 Tue T\u00eate"},{"@type":"BreadcrumbList","@id":"https:\/\/www.bierversuche.ch\/blog\/2020\/08\/portrait-a-tue-tete-deutsch\/#breadcrumb","itemListElement":[{"@type":"ListItem","position":1,"name":"Startseite","item":"https:\/\/www.bierversuche.ch\/blog\/"},{"@type":"ListItem","position":2,"name":"Portr\u00e4ts","item":"https:\/\/www.bierversuche.ch\/blog\/category\/craft-brauereien-portraets\/"},{"@type":"ListItem","position":3,"name":"Brauereien","item":"https:\/\/www.bierversuche.ch\/blog\/category\/craft-brauereien-portraets\/craft-bier-brauereien\/"},{"@type":"ListItem","position":4,"name":"Portrait: \u00c0 tue-t\u00eate"}]},{"@type":"WebSite","@id":"https:\/\/www.bierversuche.ch\/blog\/#website","url":"https:\/\/www.bierversuche.ch\/blog\/","name":"bierversuche.ch","description":"Craft Beer Blog","publisher":{"@id":"https:\/\/www.bierversuche.ch\/blog\/#organization"},"potentialAction":[{"@type":"SearchAction","target":{"@type":"EntryPoint","urlTemplate":"https:\/\/www.bierversuche.ch\/blog\/?s={search_term_string}"},"query-input":{"@type":"PropertyValueSpecification","valueRequired":true,"valueName":"search_term_string"}}],"inLanguage":"de"},{"@type":"Organization","@id":"https:\/\/www.bierversuche.ch\/blog\/#organization","name":"bierversuche","url":"https:\/\/www.bierversuche.ch\/blog\/","logo":{"@type":"ImageObject","inLanguage":"de","@id":"https:\/\/www.bierversuche.ch\/blog\/#\/schema\/logo\/image\/","url":"https:\/\/i0.wp.com\/www.bierversuche.ch\/blog\/wp-content\/uploads\/2013\/10\/Bierversuche_final_ohne_background-e1380636421999.png?fit=120%2C120&ssl=1","contentUrl":"https:\/\/i0.wp.com\/www.bierversuche.ch\/blog\/wp-content\/uploads\/2013\/10\/Bierversuche_final_ohne_background-e1380636421999.png?fit=120%2C120&ssl=1","width":120,"height":120,"caption":"bierversuche"},"image":{"@id":"https:\/\/www.bierversuche.ch\/blog\/#\/schema\/logo\/image\/"},"sameAs":["https:\/\/www.facebook.com\/bierversuchech","https:\/\/x.com\/bierversuche","https:\/\/www.instagram.com\/bierversuche\/","https:\/\/www.youtube.com\/channel\/UCeL4NwY3vPvisauq_X7N8ZA"]},{"@type":"Person","@id":"https:\/\/www.bierversuche.ch\/blog\/#\/schema\/person\/b1ccfea4b848b8533b894888271d8fda","name":"jan","image":{"@type":"ImageObject","inLanguage":"de","@id":"https:\/\/www.bierversuche.ch\/blog\/#\/schema\/person\/image\/","url":"https:\/\/secure.gravatar.com\/avatar\/9d5dbd015faf298f9bcf44bcd8954ec8?s=96&d=mm&r=g","contentUrl":"https:\/\/secure.gravatar.com\/avatar\/9d5dbd015faf298f9bcf44bcd8954ec8?s=96&d=mm&r=g","caption":"jan"},"description":"Ich analysiere die Welt von Craft Bier mit meinem \u00f6konomischen Hintergrund und einer Marketing-Brille aufgesetzt. Und ja, in meinem K\u00fchlschrank hat es Craft Bier. Immer.","sameAs":["https:\/\/www.instagram.com\/beerlabeled\/","https:\/\/x.com\/beerlabeled"],"url":"https:\/\/www.bierversuche.ch\/blog\/author\/jan\/"}]}},"jetpack_featured_media_url":"https:\/\/i0.wp.com\/www.bierversuche.ch\/blog\/wp-content\/uploads\/2020\/08\/A-tue-tete-ATT-Barrel.jpg?fit=993%2C729&ssl=1","jetpack_sharing_enabled":true,"jetpack_shortlink":"https:\/\/wp.me\/p4qyc6-14D","_links":{"self":[{"href":"https:\/\/www.bierversuche.ch\/blog\/wp-json\/wp\/v2\/posts\/4131"}],"collection":[{"href":"https:\/\/www.bierversuche.ch\/blog\/wp-json\/wp\/v2\/posts"}],"about":[{"href":"https:\/\/www.bierversuche.ch\/blog\/wp-json\/wp\/v2\/types\/post"}],"author":[{"embeddable":true,"href":"https:\/\/www.bierversuche.ch\/blog\/wp-json\/wp\/v2\/users\/6"}],"replies":[{"embeddable":true,"href":"https:\/\/www.bierversuche.ch\/blog\/wp-json\/wp\/v2\/comments?post=4131"}],"version-history":[{"count":11,"href":"https:\/\/www.bierversuche.ch\/blog\/wp-json\/wp\/v2\/posts\/4131\/revisions"}],"predecessor-version":[{"id":5784,"href":"https:\/\/www.bierversuche.ch\/blog\/wp-json\/wp\/v2\/posts\/4131\/revisions\/5784"}],"wp:featuredmedia":[{"embeddable":true,"href":"https:\/\/www.bierversuche.ch\/blog\/wp-json\/wp\/v2\/media\/4121"}],"wp:attachment":[{"href":"https:\/\/www.bierversuche.ch\/blog\/wp-json\/wp\/v2\/media?parent=4131"}],"wp:term":[{"taxonomy":"category","embeddable":true,"href":"https:\/\/www.bierversuche.ch\/blog\/wp-json\/wp\/v2\/categories?post=4131"},{"taxonomy":"post_tag","embeddable":true,"href":"https:\/\/www.bierversuche.ch\/blog\/wp-json\/wp\/v2\/tags?post=4131"}],"curies":[{"name":"wp","href":"https:\/\/api.w.org\/{rel}","templated":true}]}}