{"id":4188,"date":"2020-09-15T16:17:44","date_gmt":"2020-09-15T14:17:44","guid":{"rendered":"http:\/\/www.bierversuche.ch\/blog\/?p=4188"},"modified":"2021-02-01T16:11:28","modified_gmt":"2021-02-01T15:11:28","slug":"trois-dames-hoert-auf-interview-mit-raphael-mettler","status":"publish","type":"post","link":"https:\/\/www.bierversuche.ch\/blog\/2020\/09\/trois-dames-hoert-auf-interview-mit-raphael-mettler\/","title":{"rendered":"Trois Dames h\u00f6rt auf &#8211; Interview mit Rapha\u00ebl Mettler"},"content":{"rendered":"\n<p class=\"has-medium-font-size\">Trois Dames h\u00f6rt auf. Diese Schockwelle ging am 10. September 2020 durch die ganze Schweiz. Den Beitrag welchen Trois Dames f\u00fcr die Entwicklung der Schweizer Bier- und Brauszene hatte, kann kaum in Worte gefasst werden. Es ist unendlich tragisch und deswegen unendlich notwendig, dass wir beim Gr\u00fcnder und Besitzer Rapha\u00ebl Mettler nach den Gr\u00fcnden gefragt haben.<\/p>\n\n\n\n<p><strong>Trois Dames h\u00f6rt auf. Warum?<\/strong><\/p>\n\n\n\n<p>Wir befinden uns am Schluss eines Cycle, wir brauchen etwas Neues. Ist ein Entscheid, den wir schon seit l\u00e4ngerer Zeit getroffen haben.<\/p>\n\n\n\n<p><strong>Kannst du den Kreis beschreiben: Wie hat er angefangen und warum meinst du, dass er sich jetzt schliesst?<\/strong><\/p>\n\n\n\n<p>Wir haben viele Bier styles ausprobiert (nous avons fait un peu le tour de la question !)<\/p>\n\n\n\n<p><strong>Das sind vor allem intrinsische Gr\u00fcnde. Gab\u2019 es auch extrinsische Gr\u00fcnde?<\/strong><\/p>\n\n\n\n<p>Nein, es ist nicht wegen dem Covid-19 oder wegen zu viel Kampf um Marktanteile&#8230;<\/p>\n\n\n\n<p><strong>Deine Erkl\u00e4rung klingt nicht nach Sachzwang, sondern nach einem freiwilligen Entscheid. Stimmt das und wieso muss es trotzdem jetzt fertig sein?<\/strong><\/p>\n\n\n\n<p>Ja, freiwillig.<\/p>\n\n\n\n<p><strong>Wann genau h\u00f6rt ihr auf?<\/strong><\/p>\n\n\n\n<p>Wir produzieren noch bis Ende Jahr, dann verkaufen wir unsere Installationen.<\/p>\n\n\n\n<p><strong>Wer wird die Marktl\u00fccke f\u00fcllen, welche ihr hinterl\u00e4sst?<\/strong><\/p>\n\n\n\n<p>Weiss nicht.<\/p>\n\n\n\n<p><strong>An was sollen sich die Leute erinnern, wenn sie an die Brasserie Trois Dames zur\u00fcckdenken?<\/strong><\/p>\n\n\n\n<p>\u2026das ist nicht unser Entscheid.<\/p>\n\n\n\n<p><strong>Es hat sicher Interessenten gegeben, welche Trois Dames weiterf\u00fchren wollte und welche M\u00f6glichkeiten wurden evaluiert?<\/strong><\/p>\n\n\n\n<p>Wir wollten die Brauerei nicht an einen grossen Konzern verkaufen. Wir haben immer gesagt: Wir sind unabh\u00e4ngig, wir sind Handwerker. Wir meinen, dass wenn ich nicht weitermache und wenn meine Damen nicht im Projekt bleiben, dann macht es keinen Sinn zu verkaufen oder nachgeben.<\/p>\n\n\n\n<p>Wir behalten die Marke, vielleicht f\u00fcr einige Kollabs in der Zukunft. Oder falls unsere T\u00f6chter ein Projekt starten und daf\u00fcr den Brand verwenden m\u00f6chten. Aber das ist alles hypothetisch.<\/p>\n\n\n\n<p><strong>Was passiert mit dem Equipment?<\/strong><\/p>\n\n\n\n<p>Wird verkauft.<\/p>\n\n\n\n<p><strong>Was passiert mit dem Namen?<\/strong><\/p>\n\n\n\n<p>Wir behalten den Namen.<\/p>\n\n\n\n<p><strong>Was passiert mit dem Bier?<\/strong><\/p>\n\n\n\n<p>Verf\u00fcgbar so lange es hat.<\/p>\n\n\n\n<p><strong>Trois Dames wurde 2003 gegr\u00fcndet. Wie hat sich die Schweizer Bierbranche seit das zum positiven und wie zum negativen entwickelt?<\/strong><\/p>\n\n\n\n<p>Ich erkenne eine normale Entwicklung eines Marktes: Wenn ein Markt &#8222;interessant&#8220; aussieht, dann wollen viele Leute daran teilhaben. Es kommen Leute mit guten Absichten, Bier Liebhaber\u2026 und es gibt Leute die weniger engagiert sind, mit weniger Herz bei der Sache sind&#8230; Diese werden aber nicht lange im Markt bleiben.<\/p>\n\n\n\n<p><strong>Welchen Ratschlag gibst du heute einem Besitzer einer Brauerei? Welchen den Angestellten einer Brauerei? Welchen den Kunden?<\/strong><\/p>\n\n\n\n<p>Besitzer einer Brauerei: Man ist nicht automatisch gl\u00fccklicher, wenn man gr\u00f6sser ist. Finde deine<br>optimale Gr\u00f6sse.<\/p>\n\n\n\n<p>Angestellten: Starte deine eigene Brauerei, wenn du das Herz dazu hast.<\/p>\n\n\n\n<p>Kunden: Besuche die Brauereien, die deinen \u00dcberzeugungen entspricht, und kaufe nur das Bier, das du liebst.<\/p>\n\n\n\n<p><strong>Es ist der 1. Januar 2021 und du stehst auf. Was machst du?<\/strong><\/p>\n\n\n\n<p>\u2026das werden wir sehen.<\/p>\n\n\n\n<p><strong>Es ist der 1. Januar 2022. Was hast du im letzten Jahr gemacht?<\/strong><\/p>\n\n\n\n<p>\u2026das werden wir sehen.<\/p>\n","protected":false},"excerpt":{"rendered":"<p>Trois Dames h\u00f6rt auf. Diese Schockwelle ging am 10. September 2020 durch die ganze Schweiz. Den Beitrag welchen Trois Dames f\u00fcr die Entwicklung der Schweizer Bier- und Brauszene hatte, kann kaum in Worte gefasst werden. Es ist unendlich tragisch und deswegen unendlich notwendig, dass wir beim Gr\u00fcnder und Besitzer Rapha\u00ebl Mettler nach den Gr\u00fcnden gefragt haben.<\/p>\n","protected":false},"author":3,"featured_media":4197,"comment_status":"open","ping_status":"open","sticky":false,"template":"","format":"standard","meta":{"jetpack_post_was_ever_published":false,"_jetpack_newsletter_access":"","_jetpack_dont_email_post_to_subs":false,"_jetpack_newsletter_tier_id":0,"_jetpack_memberships_contains_paywalled_content":false,"_jetpack_memberships_contains_paid_content":false,"footnotes":"","jetpack_publicize_message":"","jetpack_publicize_feature_enabled":true,"jetpack_social_post_already_shared":true,"jetpack_social_options":{"image_generator_settings":{"template":"highway","enabled":false},"version":2}},"categories":[2700,2704],"tags":[407,406],"class_list":["post-4188","post","type-post","status-publish","format-standard","has-post-thumbnail","hentry","category-craft-bier-brauereien","category-craft-brauereien-personen","tag-brasserie-trois-dames","tag-raphael-metter","col-sm-6 col-md-4"],"jetpack_publicize_connections":[],"featured_image_urls_v2":{"full":["https:\/\/i0.wp.com\/www.bierversuche.ch\/blog\/wp-content\/uploads\/2020\/09\/TD_v02.jpeg?fit=2048%2C1178&ssl=1",2048,1178,false],"thumbnail":["https:\/\/i0.wp.com\/www.bierversuche.ch\/blog\/wp-content\/uploads\/2020\/09\/TD_v02.jpeg?resize=150%2C150&ssl=1",150,150,true],"medium":["https:\/\/i0.wp.com\/www.bierversuche.ch\/blog\/wp-content\/uploads\/2020\/09\/TD_v02.jpeg?fit=300%2C173&ssl=1",300,173,true],"medium_large":["https:\/\/i0.wp.com\/www.bierversuche.ch\/blog\/wp-content\/uploads\/2020\/09\/TD_v02.jpeg?fit=768%2C442&ssl=1",768,442,true],"large":["https:\/\/i0.wp.com\/www.bierversuche.ch\/blog\/wp-content\/uploads\/2020\/09\/TD_v02.jpeg?fit=1024%2C589&ssl=1",1024,589,true],"1536x1536":["https:\/\/i0.wp.com\/www.bierversuche.ch\/blog\/wp-content\/uploads\/2020\/09\/TD_v02.jpeg?fit=1536%2C884&ssl=1",1536,884,true],"2048x2048":["https:\/\/i0.wp.com\/www.bierversuche.ch\/blog\/wp-content\/uploads\/2020\/09\/TD_v02.jpeg?fit=2048%2C1178&ssl=1",2048,1178,true],"greatmag-extra-small":["https:\/\/i0.wp.com\/www.bierversuche.ch\/blog\/wp-content\/uploads\/2020\/09\/TD_v02.jpeg?resize=100%2C70&ssl=1",100,70,true],"greatmag-small":["https:\/\/i0.wp.com\/www.bierversuche.ch\/blog\/wp-content\/uploads\/2020\/09\/TD_v02.jpeg?resize=270%2C180&ssl=1",270,180,true],"greatmag-medium":["https:\/\/i0.wp.com\/www.bierversuche.ch\/blog\/wp-content\/uploads\/2020\/09\/TD_v02.jpeg?resize=380%2C250&ssl=1",380,250,true],"greatmag-featured-a":["https:\/\/i0.wp.com\/www.bierversuche.ch\/blog\/wp-content\/uploads\/2020\/09\/TD_v02.jpeg?resize=1200%2C850&ssl=1",1200,850,true],"greatmag-featured-b":["https:\/\/i0.wp.com\/www.bierversuche.ch\/blog\/wp-content\/uploads\/2020\/09\/TD_v02.jpeg?resize=790%2C535&ssl=1",790,535,true],"greatmag-featured-c":["https:\/\/i0.wp.com\/www.bierversuche.ch\/blog\/wp-content\/uploads\/2020\/09\/TD_v02.jpeg?resize=600%2C425&ssl=1",600,425,true],"greatmag-single":["https:\/\/i0.wp.com\/www.bierversuche.ch\/blog\/wp-content\/uploads\/2020\/09\/TD_v02.jpeg?fit=710%2C408&ssl=1",710,408,true]},"post_excerpt_stackable_v2":"<p>Trois Dames h\u00f6rt auf. Diese Schockwelle ging am 10. September 2020 durch die ganze Schweiz. Den Beitrag welchen Trois Dames f\u00fcr die Entwicklung der Schweizer Bier- und Brauszene hatte, kann kaum in Worte gefasst werden. Es ist unendlich tragisch und deswegen unendlich notwendig, dass wir beim Gr\u00fcnder und Besitzer Rapha\u00ebl Mettler nach den Gr\u00fcnden gefragt haben.<\/p>\n","category_list_v2":"<a href=\"https:\/\/www.bierversuche.ch\/blog\/category\/craft-brauereien-portraets\/craft-bier-brauereien\/\" rel=\"category tag\">Brauereien<\/a>, <a href=\"https:\/\/www.bierversuche.ch\/blog\/category\/craft-brauereien-portraets\/craft-brauereien-personen\/\" rel=\"category tag\">Personen<\/a>","author_info_v2":{"name":"christian","url":"https:\/\/www.bierversuche.ch\/blog\/author\/christian\/"},"comments_num_v2":"0 comments","yoast_head":"<!-- This site is optimized with the Yoast SEO plugin v23.8 - https:\/\/yoast.com\/wordpress\/plugins\/seo\/ -->\n<title>Trois Dames h\u00f6rt auf - Interview mit Rapha\u00ebl Mettler<\/title>\n<meta name=\"description\" content=\"Artikel zu Craft-Bier Tastings, Festival-, Ausflug- und Reiseberichte. Wir berichten \u00fcber Awards genau so wie \u00fcber die Craft-Bier Szene, machen Analyse und Interviews.\" \/>\n<meta name=\"robots\" content=\"index, follow, max-snippet:-1, max-image-preview:large, max-video-preview:-1\" \/>\n<link rel=\"canonical\" href=\"https:\/\/www.bierversuche.ch\/blog\/2020\/09\/trois-dames-hoert-auf-interview-mit-raphael-mettler\/\" \/>\n<meta property=\"og:locale\" content=\"de_DE\" \/>\n<meta property=\"og:type\" content=\"article\" \/>\n<meta property=\"og:title\" content=\"Trois Dames h\u00f6rt auf - Interview mit Rapha\u00ebl Mettler\" \/>\n<meta property=\"og:description\" content=\"Artikel zu Craft-Bier Tastings, Festival-, Ausflug- und Reiseberichte. Wir berichten \u00fcber Awards genau so wie \u00fcber die Craft-Bier Szene, machen Analyse und Interviews.\" \/>\n<meta property=\"og:url\" content=\"https:\/\/www.bierversuche.ch\/blog\/2020\/09\/trois-dames-hoert-auf-interview-mit-raphael-mettler\/\" \/>\n<meta property=\"og:site_name\" content=\"bierversuche.ch\" \/>\n<meta property=\"article:publisher\" content=\"https:\/\/www.facebook.com\/bierversuchech\" \/>\n<meta property=\"article:published_time\" content=\"2020-09-15T14:17:44+00:00\" \/>\n<meta property=\"article:modified_time\" content=\"2021-02-01T15:11:28+00:00\" \/>\n<meta property=\"og:image\" content=\"http:\/\/www.bierversuche.ch\/blog\/wp-content\/uploads\/2020\/09\/TD_v02.jpeg\" \/>\n\t<meta property=\"og:image:width\" content=\"2048\" \/>\n\t<meta property=\"og:image:height\" content=\"1178\" \/>\n\t<meta property=\"og:image:type\" content=\"image\/jpeg\" \/>\n<meta name=\"author\" content=\"christian\" \/>\n<meta name=\"twitter:card\" content=\"summary_large_image\" \/>\n<meta name=\"twitter:creator\" content=\"@bierversuche\" \/>\n<meta name=\"twitter:site\" content=\"@bierversuche\" \/>\n<meta name=\"twitter:label1\" content=\"Verfasst von\" \/>\n\t<meta name=\"twitter:data1\" content=\"christian\" \/>\n\t<meta name=\"twitter:label2\" content=\"Gesch\u00e4tzte Lesezeit\" \/>\n\t<meta name=\"twitter:data2\" content=\"3\u00a0Minuten\" \/>\n<script type=\"application\/ld+json\" class=\"yoast-schema-graph\">{\"@context\":\"https:\/\/schema.org\",\"@graph\":[{\"@type\":\"AdvertiserContentArticle\",\"@id\":\"https:\/\/www.bierversuche.ch\/blog\/2020\/09\/trois-dames-hoert-auf-interview-mit-raphael-mettler\/#article\",\"isPartOf\":{\"@id\":\"https:\/\/www.bierversuche.ch\/blog\/2020\/09\/trois-dames-hoert-auf-interview-mit-raphael-mettler\/\"},\"author\":{\"name\":\"christian\",\"@id\":\"https:\/\/www.bierversuche.ch\/blog\/#\/schema\/person\/f6c504a9656bfd77f69d64c12fddbd25\"},\"headline\":\"Trois Dames h\u00f6rt auf &#8211; Interview mit Rapha\u00ebl Mettler\",\"datePublished\":\"2020-09-15T14:17:44+00:00\",\"dateModified\":\"2021-02-01T15:11:28+00:00\",\"mainEntityOfPage\":{\"@id\":\"https:\/\/www.bierversuche.ch\/blog\/2020\/09\/trois-dames-hoert-auf-interview-mit-raphael-mettler\/\"},\"wordCount\":518,\"commentCount\":0,\"publisher\":{\"@id\":\"https:\/\/www.bierversuche.ch\/blog\/#organization\"},\"image\":{\"@id\":\"https:\/\/www.bierversuche.ch\/blog\/2020\/09\/trois-dames-hoert-auf-interview-mit-raphael-mettler\/#primaryimage\"},\"thumbnailUrl\":\"https:\/\/i0.wp.com\/www.bierversuche.ch\/blog\/wp-content\/uploads\/2020\/09\/TD_v02.jpeg?fit=2048%2C1178&ssl=1\",\"keywords\":[\"Brasserie Trois Dames\",\"Rapha\u00ebl Metter\"],\"articleSection\":[\"Brauereien\",\"Personen\"],\"inLanguage\":\"de\",\"potentialAction\":[{\"@type\":\"CommentAction\",\"name\":\"Comment\",\"target\":[\"https:\/\/www.bierversuche.ch\/blog\/2020\/09\/trois-dames-hoert-auf-interview-mit-raphael-mettler\/#respond\"]}]},{\"@type\":\"WebPage\",\"@id\":\"https:\/\/www.bierversuche.ch\/blog\/2020\/09\/trois-dames-hoert-auf-interview-mit-raphael-mettler\/\",\"url\":\"https:\/\/www.bierversuche.ch\/blog\/2020\/09\/trois-dames-hoert-auf-interview-mit-raphael-mettler\/\",\"name\":\"Trois Dames h\u00f6rt auf - Interview mit Rapha\u00ebl Mettler\",\"isPartOf\":{\"@id\":\"https:\/\/www.bierversuche.ch\/blog\/#website\"},\"primaryImageOfPage\":{\"@id\":\"https:\/\/www.bierversuche.ch\/blog\/2020\/09\/trois-dames-hoert-auf-interview-mit-raphael-mettler\/#primaryimage\"},\"image\":{\"@id\":\"https:\/\/www.bierversuche.ch\/blog\/2020\/09\/trois-dames-hoert-auf-interview-mit-raphael-mettler\/#primaryimage\"},\"thumbnailUrl\":\"https:\/\/i0.wp.com\/www.bierversuche.ch\/blog\/wp-content\/uploads\/2020\/09\/TD_v02.jpeg?fit=2048%2C1178&ssl=1\",\"datePublished\":\"2020-09-15T14:17:44+00:00\",\"dateModified\":\"2021-02-01T15:11:28+00:00\",\"description\":\"Artikel zu Craft-Bier Tastings, Festival-, Ausflug- und Reiseberichte. Wir berichten \u00fcber Awards genau so wie \u00fcber die Craft-Bier Szene, machen Analyse und Interviews.\",\"breadcrumb\":{\"@id\":\"https:\/\/www.bierversuche.ch\/blog\/2020\/09\/trois-dames-hoert-auf-interview-mit-raphael-mettler\/#breadcrumb\"},\"inLanguage\":\"de\",\"potentialAction\":[{\"@type\":\"ReadAction\",\"target\":[\"https:\/\/www.bierversuche.ch\/blog\/2020\/09\/trois-dames-hoert-auf-interview-mit-raphael-mettler\/\"]}]},{\"@type\":\"ImageObject\",\"inLanguage\":\"de\",\"@id\":\"https:\/\/www.bierversuche.ch\/blog\/2020\/09\/trois-dames-hoert-auf-interview-mit-raphael-mettler\/#primaryimage\",\"url\":\"https:\/\/i0.wp.com\/www.bierversuche.ch\/blog\/wp-content\/uploads\/2020\/09\/TD_v02.jpeg?fit=2048%2C1178&ssl=1\",\"contentUrl\":\"https:\/\/i0.wp.com\/www.bierversuche.ch\/blog\/wp-content\/uploads\/2020\/09\/TD_v02.jpeg?fit=2048%2C1178&ssl=1\",\"width\":2048,\"height\":1178},{\"@type\":\"BreadcrumbList\",\"@id\":\"https:\/\/www.bierversuche.ch\/blog\/2020\/09\/trois-dames-hoert-auf-interview-mit-raphael-mettler\/#breadcrumb\",\"itemListElement\":[{\"@type\":\"ListItem\",\"position\":1,\"name\":\"Startseite\",\"item\":\"https:\/\/www.bierversuche.ch\/blog\/\"},{\"@type\":\"ListItem\",\"position\":2,\"name\":\"Portr\u00e4ts\",\"item\":\"https:\/\/www.bierversuche.ch\/blog\/category\/craft-brauereien-portraets\/\"},{\"@type\":\"ListItem\",\"position\":3,\"name\":\"Personen\",\"item\":\"https:\/\/www.bierversuche.ch\/blog\/category\/craft-brauereien-portraets\/craft-brauereien-personen\/\"},{\"@type\":\"ListItem\",\"position\":4,\"name\":\"Trois Dames h\u00f6rt auf &#8211; Interview mit Rapha\u00ebl Mettler\"}]},{\"@type\":\"WebSite\",\"@id\":\"https:\/\/www.bierversuche.ch\/blog\/#website\",\"url\":\"https:\/\/www.bierversuche.ch\/blog\/\",\"name\":\"bierversuche.ch\",\"description\":\"Craft Beer Blog\",\"publisher\":{\"@id\":\"https:\/\/www.bierversuche.ch\/blog\/#organization\"},\"potentialAction\":[{\"@type\":\"SearchAction\",\"target\":{\"@type\":\"EntryPoint\",\"urlTemplate\":\"https:\/\/www.bierversuche.ch\/blog\/?s={search_term_string}\"},\"query-input\":{\"@type\":\"PropertyValueSpecification\",\"valueRequired\":true,\"valueName\":\"search_term_string\"}}],\"inLanguage\":\"de\"},{\"@type\":\"Organization\",\"@id\":\"https:\/\/www.bierversuche.ch\/blog\/#organization\",\"name\":\"bierversuche\",\"url\":\"https:\/\/www.bierversuche.ch\/blog\/\",\"logo\":{\"@type\":\"ImageObject\",\"inLanguage\":\"de\",\"@id\":\"https:\/\/www.bierversuche.ch\/blog\/#\/schema\/logo\/image\/\",\"url\":\"https:\/\/i0.wp.com\/www.bierversuche.ch\/blog\/wp-content\/uploads\/2013\/10\/Bierversuche_final_ohne_background-e1380636421999.png?fit=120%2C120&ssl=1\",\"contentUrl\":\"https:\/\/i0.wp.com\/www.bierversuche.ch\/blog\/wp-content\/uploads\/2013\/10\/Bierversuche_final_ohne_background-e1380636421999.png?fit=120%2C120&ssl=1\",\"width\":120,\"height\":120,\"caption\":\"bierversuche\"},\"image\":{\"@id\":\"https:\/\/www.bierversuche.ch\/blog\/#\/schema\/logo\/image\/\"},\"sameAs\":[\"https:\/\/www.facebook.com\/bierversuchech\",\"https:\/\/x.com\/bierversuche\",\"https:\/\/www.instagram.com\/bierversuche\/\",\"https:\/\/www.youtube.com\/channel\/UCeL4NwY3vPvisauq_X7N8ZA\"]},{\"@type\":\"Person\",\"@id\":\"https:\/\/www.bierversuche.ch\/blog\/#\/schema\/person\/f6c504a9656bfd77f69d64c12fddbd25\",\"name\":\"christian\",\"image\":{\"@type\":\"ImageObject\",\"inLanguage\":\"de\",\"@id\":\"https:\/\/www.bierversuche.ch\/blog\/#\/schema\/person\/image\/\",\"url\":\"https:\/\/secure.gravatar.com\/avatar\/8ba581112a2711e7a493eb2ec610ce07?s=96&d=mm&r=g\",\"contentUrl\":\"https:\/\/secure.gravatar.com\/avatar\/8ba581112a2711e7a493eb2ec610ce07?s=96&d=mm&r=g\",\"caption\":\"christian\"},\"url\":\"https:\/\/www.bierversuche.ch\/blog\/author\/christian\/\"}]}<\/script>\n<!-- \/ Yoast SEO plugin. -->","yoast_head_json":{"title":"Trois Dames h\u00f6rt auf - Interview mit Rapha\u00ebl Mettler","description":"Artikel zu Craft-Bier Tastings, Festival-, Ausflug- und Reiseberichte. Wir berichten \u00fcber Awards genau so wie \u00fcber die Craft-Bier Szene, machen Analyse und Interviews.","robots":{"index":"index","follow":"follow","max-snippet":"max-snippet:-1","max-image-preview":"max-image-preview:large","max-video-preview":"max-video-preview:-1"},"canonical":"https:\/\/www.bierversuche.ch\/blog\/2020\/09\/trois-dames-hoert-auf-interview-mit-raphael-mettler\/","og_locale":"de_DE","og_type":"article","og_title":"Trois Dames h\u00f6rt auf - Interview mit Rapha\u00ebl Mettler","og_description":"Artikel zu Craft-Bier Tastings, Festival-, Ausflug- und Reiseberichte. Wir berichten \u00fcber Awards genau so wie \u00fcber die Craft-Bier Szene, machen Analyse und Interviews.","og_url":"https:\/\/www.bierversuche.ch\/blog\/2020\/09\/trois-dames-hoert-auf-interview-mit-raphael-mettler\/","og_site_name":"bierversuche.ch","article_publisher":"https:\/\/www.facebook.com\/bierversuchech","article_published_time":"2020-09-15T14:17:44+00:00","article_modified_time":"2021-02-01T15:11:28+00:00","og_image":[{"width":2048,"height":1178,"url":"http:\/\/www.bierversuche.ch\/blog\/wp-content\/uploads\/2020\/09\/TD_v02.jpeg","type":"image\/jpeg"}],"author":"christian","twitter_card":"summary_large_image","twitter_creator":"@bierversuche","twitter_site":"@bierversuche","twitter_misc":{"Verfasst von":"christian","Gesch\u00e4tzte Lesezeit":"3\u00a0Minuten"},"schema":{"@context":"https:\/\/schema.org","@graph":[{"@type":"AdvertiserContentArticle","@id":"https:\/\/www.bierversuche.ch\/blog\/2020\/09\/trois-dames-hoert-auf-interview-mit-raphael-mettler\/#article","isPartOf":{"@id":"https:\/\/www.bierversuche.ch\/blog\/2020\/09\/trois-dames-hoert-auf-interview-mit-raphael-mettler\/"},"author":{"name":"christian","@id":"https:\/\/www.bierversuche.ch\/blog\/#\/schema\/person\/f6c504a9656bfd77f69d64c12fddbd25"},"headline":"Trois Dames h\u00f6rt auf &#8211; Interview mit Rapha\u00ebl Mettler","datePublished":"2020-09-15T14:17:44+00:00","dateModified":"2021-02-01T15:11:28+00:00","mainEntityOfPage":{"@id":"https:\/\/www.bierversuche.ch\/blog\/2020\/09\/trois-dames-hoert-auf-interview-mit-raphael-mettler\/"},"wordCount":518,"commentCount":0,"publisher":{"@id":"https:\/\/www.bierversuche.ch\/blog\/#organization"},"image":{"@id":"https:\/\/www.bierversuche.ch\/blog\/2020\/09\/trois-dames-hoert-auf-interview-mit-raphael-mettler\/#primaryimage"},"thumbnailUrl":"https:\/\/i0.wp.com\/www.bierversuche.ch\/blog\/wp-content\/uploads\/2020\/09\/TD_v02.jpeg?fit=2048%2C1178&ssl=1","keywords":["Brasserie Trois Dames","Rapha\u00ebl Metter"],"articleSection":["Brauereien","Personen"],"inLanguage":"de","potentialAction":[{"@type":"CommentAction","name":"Comment","target":["https:\/\/www.bierversuche.ch\/blog\/2020\/09\/trois-dames-hoert-auf-interview-mit-raphael-mettler\/#respond"]}]},{"@type":"WebPage","@id":"https:\/\/www.bierversuche.ch\/blog\/2020\/09\/trois-dames-hoert-auf-interview-mit-raphael-mettler\/","url":"https:\/\/www.bierversuche.ch\/blog\/2020\/09\/trois-dames-hoert-auf-interview-mit-raphael-mettler\/","name":"Trois Dames h\u00f6rt auf - Interview mit Rapha\u00ebl Mettler","isPartOf":{"@id":"https:\/\/www.bierversuche.ch\/blog\/#website"},"primaryImageOfPage":{"@id":"https:\/\/www.bierversuche.ch\/blog\/2020\/09\/trois-dames-hoert-auf-interview-mit-raphael-mettler\/#primaryimage"},"image":{"@id":"https:\/\/www.bierversuche.ch\/blog\/2020\/09\/trois-dames-hoert-auf-interview-mit-raphael-mettler\/#primaryimage"},"thumbnailUrl":"https:\/\/i0.wp.com\/www.bierversuche.ch\/blog\/wp-content\/uploads\/2020\/09\/TD_v02.jpeg?fit=2048%2C1178&ssl=1","datePublished":"2020-09-15T14:17:44+00:00","dateModified":"2021-02-01T15:11:28+00:00","description":"Artikel zu Craft-Bier Tastings, Festival-, Ausflug- und Reiseberichte. Wir berichten \u00fcber Awards genau so wie \u00fcber die Craft-Bier Szene, machen Analyse und Interviews.","breadcrumb":{"@id":"https:\/\/www.bierversuche.ch\/blog\/2020\/09\/trois-dames-hoert-auf-interview-mit-raphael-mettler\/#breadcrumb"},"inLanguage":"de","potentialAction":[{"@type":"ReadAction","target":["https:\/\/www.bierversuche.ch\/blog\/2020\/09\/trois-dames-hoert-auf-interview-mit-raphael-mettler\/"]}]},{"@type":"ImageObject","inLanguage":"de","@id":"https:\/\/www.bierversuche.ch\/blog\/2020\/09\/trois-dames-hoert-auf-interview-mit-raphael-mettler\/#primaryimage","url":"https:\/\/i0.wp.com\/www.bierversuche.ch\/blog\/wp-content\/uploads\/2020\/09\/TD_v02.jpeg?fit=2048%2C1178&ssl=1","contentUrl":"https:\/\/i0.wp.com\/www.bierversuche.ch\/blog\/wp-content\/uploads\/2020\/09\/TD_v02.jpeg?fit=2048%2C1178&ssl=1","width":2048,"height":1178},{"@type":"BreadcrumbList","@id":"https:\/\/www.bierversuche.ch\/blog\/2020\/09\/trois-dames-hoert-auf-interview-mit-raphael-mettler\/#breadcrumb","itemListElement":[{"@type":"ListItem","position":1,"name":"Startseite","item":"https:\/\/www.bierversuche.ch\/blog\/"},{"@type":"ListItem","position":2,"name":"Portr\u00e4ts","item":"https:\/\/www.bierversuche.ch\/blog\/category\/craft-brauereien-portraets\/"},{"@type":"ListItem","position":3,"name":"Personen","item":"https:\/\/www.bierversuche.ch\/blog\/category\/craft-brauereien-portraets\/craft-brauereien-personen\/"},{"@type":"ListItem","position":4,"name":"Trois Dames h\u00f6rt auf &#8211; Interview mit Rapha\u00ebl Mettler"}]},{"@type":"WebSite","@id":"https:\/\/www.bierversuche.ch\/blog\/#website","url":"https:\/\/www.bierversuche.ch\/blog\/","name":"bierversuche.ch","description":"Craft Beer Blog","publisher":{"@id":"https:\/\/www.bierversuche.ch\/blog\/#organization"},"potentialAction":[{"@type":"SearchAction","target":{"@type":"EntryPoint","urlTemplate":"https:\/\/www.bierversuche.ch\/blog\/?s={search_term_string}"},"query-input":{"@type":"PropertyValueSpecification","valueRequired":true,"valueName":"search_term_string"}}],"inLanguage":"de"},{"@type":"Organization","@id":"https:\/\/www.bierversuche.ch\/blog\/#organization","name":"bierversuche","url":"https:\/\/www.bierversuche.ch\/blog\/","logo":{"@type":"ImageObject","inLanguage":"de","@id":"https:\/\/www.bierversuche.ch\/blog\/#\/schema\/logo\/image\/","url":"https:\/\/i0.wp.com\/www.bierversuche.ch\/blog\/wp-content\/uploads\/2013\/10\/Bierversuche_final_ohne_background-e1380636421999.png?fit=120%2C120&ssl=1","contentUrl":"https:\/\/i0.wp.com\/www.bierversuche.ch\/blog\/wp-content\/uploads\/2013\/10\/Bierversuche_final_ohne_background-e1380636421999.png?fit=120%2C120&ssl=1","width":120,"height":120,"caption":"bierversuche"},"image":{"@id":"https:\/\/www.bierversuche.ch\/blog\/#\/schema\/logo\/image\/"},"sameAs":["https:\/\/www.facebook.com\/bierversuchech","https:\/\/x.com\/bierversuche","https:\/\/www.instagram.com\/bierversuche\/","https:\/\/www.youtube.com\/channel\/UCeL4NwY3vPvisauq_X7N8ZA"]},{"@type":"Person","@id":"https:\/\/www.bierversuche.ch\/blog\/#\/schema\/person\/f6c504a9656bfd77f69d64c12fddbd25","name":"christian","image":{"@type":"ImageObject","inLanguage":"de","@id":"https:\/\/www.bierversuche.ch\/blog\/#\/schema\/person\/image\/","url":"https:\/\/secure.gravatar.com\/avatar\/8ba581112a2711e7a493eb2ec610ce07?s=96&d=mm&r=g","contentUrl":"https:\/\/secure.gravatar.com\/avatar\/8ba581112a2711e7a493eb2ec610ce07?s=96&d=mm&r=g","caption":"christian"},"url":"https:\/\/www.bierversuche.ch\/blog\/author\/christian\/"}]}},"jetpack_featured_media_url":"https:\/\/i0.wp.com\/www.bierversuche.ch\/blog\/wp-content\/uploads\/2020\/09\/TD_v02.jpeg?fit=2048%2C1178&ssl=1","jetpack_sharing_enabled":true,"jetpack_shortlink":"https:\/\/wp.me\/p4qyc6-15y","_links":{"self":[{"href":"https:\/\/www.bierversuche.ch\/blog\/wp-json\/wp\/v2\/posts\/4188"}],"collection":[{"href":"https:\/\/www.bierversuche.ch\/blog\/wp-json\/wp\/v2\/posts"}],"about":[{"href":"https:\/\/www.bierversuche.ch\/blog\/wp-json\/wp\/v2\/types\/post"}],"author":[{"embeddable":true,"href":"https:\/\/www.bierversuche.ch\/blog\/wp-json\/wp\/v2\/users\/3"}],"replies":[{"embeddable":true,"href":"https:\/\/www.bierversuche.ch\/blog\/wp-json\/wp\/v2\/comments?post=4188"}],"version-history":[{"count":20,"href":"https:\/\/www.bierversuche.ch\/blog\/wp-json\/wp\/v2\/posts\/4188\/revisions"}],"predecessor-version":[{"id":5701,"href":"https:\/\/www.bierversuche.ch\/blog\/wp-json\/wp\/v2\/posts\/4188\/revisions\/5701"}],"wp:featuredmedia":[{"embeddable":true,"href":"https:\/\/www.bierversuche.ch\/blog\/wp-json\/wp\/v2\/media\/4197"}],"wp:attachment":[{"href":"https:\/\/www.bierversuche.ch\/blog\/wp-json\/wp\/v2\/media?parent=4188"}],"wp:term":[{"taxonomy":"category","embeddable":true,"href":"https:\/\/www.bierversuche.ch\/blog\/wp-json\/wp\/v2\/categories?post=4188"},{"taxonomy":"post_tag","embeddable":true,"href":"https:\/\/www.bierversuche.ch\/blog\/wp-json\/wp\/v2\/tags?post=4188"}],"curies":[{"name":"wp","href":"https:\/\/api.w.org\/{rel}","templated":true}]}}